{"id":46923,"global_id":"www.idisantiago.es\/en\/?id=46923","global_id_lineage":["www.idisantiago.es\/en\/?id=46923"],"author":"14","status":"publish","date":"2026-04-30 12:44:32","date_utc":"2026-04-30 10:44:32","modified":"2026-04-30 12:48:22","modified_utc":"2026-04-30 10:48:22","url":"https:\/\/www.idisantiago.es\/en\/event\/viii-edicion-minipildoras-formativas-de-actualizacion-en-farmacia-hospitalaria-puesta-al-dia\/","rest_url":"https:\/\/www.idisantiago.es\/en\/wp-json\/tribe\/events\/v1\/events\/46923","title":"VIII Edici\u00f3n Minip\u00edldoras formativas de actualizaci\u00f3n en Farmacia Hospitalaria: puesta al d\u00eda","description":"<p>El Instituto de Investigaci\u00f3n Sanitaria de Santiago de Compostela (IDIS) organiza la \u00abVIII Edici\u00f3n Minip\u00edldoras formativas de actualizaci\u00f3n en Farmacia Hospitalaria: puesta al d\u00eda\u00bb, que tiene lugar del 04 al 25 de mayo de 2026 en el Complexo Hospitalario Universitario de Santiago de Compostela.<\/p>\n<p>El objetivo de las jornadas ser\u00e1 reforzar los conocimientos de los profesionales sanitarios en el \u00e1mbito de la farmacoterapia.<\/p>\n<p>Consulta el programa <a href=\"https:\/\/www.idisantiago.es\/wp-content\/uploads\/2026\/04\/PROGRAMA-MINIPILDORAS-VII-EDICION-MINIPILDORAS.pdf\"><span style=\"color: #808000;\"><strong>aqu\u00ed<\/strong><\/span>.<\/a><\/p>\n<p>&nbsp;<\/p>","excerpt":"","slug":"viii-edicion-minipildoras-formativas-de-actualizacion-en-farmacia-hospitalaria-puesta-al-dia","image":{"url":"https:\/\/www.idisantiago.es\/wp-content\/uploads\/2026\/04\/MINIPILDORAS-2026.png","id":46920,"extension":"png","width":1414,"height":2000,"filesize":2400733,"sizes":{"medium":{"width":212,"height":300,"mime-type":"image\/png","filesize":60264,"url":"https:\/\/www.idisantiago.es\/wp-content\/uploads\/2026\/04\/MINIPILDORAS-2026-212x300.png"},"large":{"width":724,"height":1024,"mime-type":"image\/png","filesize":520562,"url":"https:\/\/www.idisantiago.es\/wp-content\/uploads\/2026\/04\/MINIPILDORAS-2026-724x1024.png"},"thumbnail":{"width":150,"height":150,"mime-type":"image\/png","filesize":28867,"url":"https:\/\/www.idisantiago.es\/wp-content\/uploads\/2026\/04\/MINIPILDORAS-2026-150x150.png"},"medium_large":{"width":768,"height":1086,"mime-type":"image\/png","filesize":581853,"url":"https:\/\/www.idisantiago.es\/wp-content\/uploads\/2026\/04\/MINIPILDORAS-2026-768x1086.png"},"1536x1536":{"width":1086,"height":1536,"mime-type":"image\/png","filesize":1119963,"url":"https:\/\/www.idisantiago.es\/wp-content\/uploads\/2026\/04\/MINIPILDORAS-2026-1086x1536.png"},"square-320":{"width":320,"height":320,"mime-type":"image\/png","filesize":103015,"url":"https:\/\/www.idisantiago.es\/wp-content\/uploads\/2026\/04\/MINIPILDORAS-2026-320x320.png"},"et-pb-post-main-image":{"width":400,"height":250,"mime-type":"image\/png","filesize":92659,"url":"https:\/\/www.idisantiago.es\/wp-content\/uploads\/2026\/04\/MINIPILDORAS-2026-400x250.png"},"et-pb-post-main-image-fullwidth":{"width":1080,"height":675,"mime-type":"image\/png","filesize":592202,"url":"https:\/\/www.idisantiago.es\/wp-content\/uploads\/2026\/04\/MINIPILDORAS-2026-1080x675.png"},"et-pb-portfolio-image":{"width":400,"height":284,"mime-type":"image\/png","filesize":107133,"url":"https:\/\/www.idisantiago.es\/wp-content\/uploads\/2026\/04\/MINIPILDORAS-2026-400x284.png"},"et-pb-portfolio-module-image":{"width":510,"height":382,"mime-type":"image\/png","filesize":175520,"url":"https:\/\/www.idisantiago.es\/wp-content\/uploads\/2026\/04\/MINIPILDORAS-2026-510x382.png"},"et-pb-portfolio-image-single":{"width":1080,"height":1528,"mime-type":"image\/png","filesize":1110622,"url":"https:\/\/www.idisantiago.es\/wp-content\/uploads\/2026\/04\/MINIPILDORAS-2026-1080x1528.png"},"et-pb-gallery-module-image-portrait":{"width":400,"height":516,"mime-type":"image\/png","filesize":177576,"url":"https:\/\/www.idisantiago.es\/wp-content\/uploads\/2026\/04\/MINIPILDORAS-2026-400x516.png"},"et-pb-post-main-image-fullwidth-large":{"width":1414,"height":1800,"mime-type":"image\/png","filesize":2003615,"url":"https:\/\/www.idisantiago.es\/wp-content\/uploads\/2026\/04\/MINIPILDORAS-2026-1414x1800.png"},"et-pb-image--responsive--desktop":{"width":1280,"height":1810,"mime-type":"image\/png","filesize":1527530,"url":"https:\/\/www.idisantiago.es\/wp-content\/uploads\/2026\/04\/MINIPILDORAS-2026-1280x1810.png"},"et-pb-image--responsive--tablet":{"width":980,"height":1386,"mime-type":"image\/png","filesize":921145,"url":"https:\/\/www.idisantiago.es\/wp-content\/uploads\/2026\/04\/MINIPILDORAS-2026-980x1386.png"},"et-pb-image--responsive--phone":{"width":480,"height":679,"mime-type":"image\/png","filesize":244654,"url":"https:\/\/www.idisantiago.es\/wp-content\/uploads\/2026\/04\/MINIPILDORAS-2026-480x679.png"},"menu-24x24":{"width":17,"height":24,"mime-type":"image\/png","filesize":947,"url":"https:\/\/www.idisantiago.es\/wp-content\/uploads\/2026\/04\/MINIPILDORAS-2026-17x24.png"}}},"all_day":false,"start_date":"2026-05-04 08:00:00","start_date_details":{"year":"2026","month":"05","day":"04","hour":"08","minutes":"00","seconds":"00"},"end_date":"2026-05-25 10:00:00","end_date_details":{"year":"2026","month":"05","day":"25","hour":"10","minutes":"00","seconds":"00"},"utc_start_date":"2026-05-04 06:00:00","utc_start_date_details":{"year":"2026","month":"05","day":"04","hour":"06","minutes":"00","seconds":"00"},"utc_end_date":"2026-05-25 08:00:00","utc_end_date_details":{"year":"2026","month":"05","day":"25","hour":"08","minutes":"00","seconds":"00"},"timezone":"Europe\/Madrid","timezone_abbr":"CEST","cost":"","cost_details":{"currency_symbol":"\u20ac","currency_code":"USD","currency_position":"suffix","values":[]},"website":"","show_map":true,"show_map_link":true,"hide_from_listings":false,"sticky":true,"featured":true,"categories":[{"name":"Formaci\u00f3n","slug":"formacion","term_group":0,"term_taxonomy_id":495,"taxonomy":"tribe_events_cat","description":"","parent":0,"count":148,"filter":"raw","term_order":"0","order":"0","id":495,"urls":{"self":"https:\/\/www.idisantiago.es\/en\/wp-json\/tribe\/events\/v1\/categories\/495","collection":"https:\/\/www.idisantiago.es\/en\/wp-json\/tribe\/events\/v1\/categories"}},{"name":"General","slug":"general","term_group":0,"term_taxonomy_id":535,"taxonomy":"tribe_events_cat","description":"","parent":0,"count":109,"filter":"raw","term_order":"0","order":"0","id":535,"urls":{"self":"https:\/\/www.idisantiago.es\/en\/wp-json\/tribe\/events\/v1\/categories\/535","collection":"https:\/\/www.idisantiago.es\/en\/wp-json\/tribe\/events\/v1\/categories"}}],"tags":[],"venue":{"id":40295,"author":"14","status":"publish","date":"2025-06-04 09:49:33","date_utc":"0000-00-00 00:00:00","modified":"2025-06-04 09:49:33","modified_utc":"0000-00-00 00:00:00","url":"https:\/\/www.idisantiago.es\/venue\/aula-4-docencia-del-hospital-clinico-universitario-de-santiago-edificio-d\/","venue":"Aula 4. Docencia del Hospital Cl\u00ednico Universitario de Santiago, edificio D.","slug":"aula-4-docencia-del-hospital-clinico-universitario-de-santiago-edificio-d","address":"Choupana s\/n","city":"Santiago de Compostela","country":"Spain","province":"A Coru\u00f1a","zip":"15706","stateprovince":"A Coru\u00f1a","json_ld":{"@type":"Place","name":"Aula 4. Docencia del Hospital Cl\u00ednico Universitario de Santiago, edificio D.","description":"","url":"","address":{"@type":"PostalAddress","streetAddress":"Choupana s\/n","addressLocality":"Santiago de Compostela","addressRegion":"A Coru\u00f1a","postalCode":"15706","addressCountry":"Spain"},"telephone":"","sameAs":""},"show_map":true,"show_map_link":true,"global_id":"www.idisantiago.es\/en\/?id=40295","global_id_lineage":["www.idisantiago.es\/en\/?id=40295"]},"organizer":[{"id":13243,"author":"12","status":"publish","date":"2022-02-17 12:11:57","date_utc":"2022-02-17 11:11:57","modified":"2022-02-25 10:18:58","modified_utc":"2022-02-25 09:18:58","url":"https:\/\/www.idisantiago.es\/organizer\/instituto-de-investigacion-sanitaria-de-santiago-de-compostela-idis\/","organizer":"Instituto de Investigaci\u00f3n Sanitaria de Santiago de Compostela (IDIS)","slug":"instituto-de-investigacion-sanitaria-de-santiago-de-compostela-idis","json_ld":{"@type":"Person","name":"Instituto de Investigaci\u00f3n Sanitaria de Santiago de Compostela (IDIS)","description":"","url":"","telephone":"","email":"","sameAs":""},"global_id":"www.idisantiago.es\/en\/?id=13243","global_id_lineage":["www.idisantiago.es\/en\/?id=13243"]}],"custom_fields":[],"json_ld":{"@context":"http:\/\/schema.org","@type":"Event","name":"VIII Edici\u00f3n Minip\u00edldoras formativas de actualizaci\u00f3n en Farmacia Hospitalaria: puesta al d\u00eda","description":"&lt;p&gt;El Instituto de Investigaci\u00f3n Sanitaria de Santiago de Compostela (IDIS) organiza la \u00abVIII Edici\u00f3n Minip\u00edldoras formativas de actualizaci\u00f3n en Farmacia Hospitalaria: puesta al d\u00eda\u00bb, que tiene lugar del 04 al [&hellip;]&lt;\/p&gt;\\n","image":"https:\/\/www.idisantiago.es\/wp-content\/uploads\/2026\/04\/MINIPILDORAS-2026.png","url":"https:\/\/www.idisantiago.es\/en\/event\/viii-edicion-minipildoras-formativas-de-actualizacion-en-farmacia-hospitalaria-puesta-al-dia\/","eventAttendanceMode":"https:\/\/schema.org\/OfflineEventAttendanceMode","eventStatus":"https:\/\/schema.org\/EventScheduled","startDate":"2026-05-04T08:00:00+02:00","endDate":"2026-05-25T10:00:00+02:00","location":{"@type":"Place","name":"Aula 4. Docencia del Hospital Cl\u00ednico Universitario de Santiago, edificio D.","description":"","url":"","address":{"@type":"PostalAddress","streetAddress":"Choupana s\/n","addressLocality":"Santiago de Compostela","addressRegion":"A Coru\u00f1a","postalCode":"15706","addressCountry":"Spain"},"telephone":"","sameAs":""},"organizer":{"@type":"Person","name":"Instituto de Investigaci\u00f3n Sanitaria de Santiago de Compostela (IDIS)","description":"","url":"","telephone":"","email":"","sameAs":""},"performer":"Organization"},"event_bgcolor":"","event_text_color":""}