{"id":49512,"global_id":"www.idisantiago.es\/en\/?id=49512","global_id_lineage":["www.idisantiago.es\/en\/?id=49512"],"author":"6","status":"publish","date":"2026-09-03 13:09:26","date_utc":"2026-09-03 11:09:26","modified":"2026-09-03 13:16:03","modified_utc":"2026-09-03 11:16:03","url":"https:\/\/www.idisantiago.es\/en\/event\/g-night-2026\/","rest_url":"https:\/\/www.idisantiago.es\/en\/wp-json\/tribe\/events\/v1\/events\/49512","title":"G-Night 2026","description":"<p>El pr\u00f3ximo <strong>viernes, 25 de septiembre<\/strong>, el <strong>Claustro del Colegio de Fonseca (R\u00faa do Franco s\/n, Santiago de Compostela)<\/strong> se convertir\u00e1 en el espacio para acercar la ciencia a la ciudadan\u00eda. Desde las <strong>18:00 h hasta las 21:00 h<\/strong>, el p\u00fablico general podr\u00e1 disfrutar de talleres interactivos organizados por diferentes centros de investigaci\u00f3n, como el CITIUS, el CIMUS y el IDIS, entre otros.<\/p>\n<p>Este a\u00f1o, el <strong>Instituto de Investigaci\u00f3n Sanitaria de Santiago de Compostela <\/strong>participa con el taller:<\/p>\n<p><span style=\"color: #000080;\"><strong><em>Descubriendo la biomedicina: la ciencia que transforma la salud<\/em><\/strong><\/span><\/p>\n<p>Mediante actividades din\u00e1micas y explicaciones accesibles, mostraremos c\u00f3mo la biomedicina combina biolog\u00eda, medicina y tecnolog\u00eda avanzada para revolucionar la prevenci\u00f3n, el diagn\u00f3stico y el tratamiento de enfermedades. Una oportunidad \u00fanica para experimentar, aprender y comprender c\u00f3mo la investigaci\u00f3n que realizamos en el IDIS contribuye a mejorar la calidad de vida de las personas.<\/p>\n<p>\ud83d\udccd <strong>Lugar<\/strong>: Claustro del Colegio de Fonseca, Santiago de Compostela<br \/>\n\ud83d\udd55 <strong>Horario<\/strong>: de 18:00 a 21:00 h<br \/>\n\ud83d\udc65 <strong>P\u00fablico<\/strong>: general, acceso libre<\/p>\n<p><strong>Organizan:<\/strong> Universidad de Santiago de Compostela, IDIS, CITMAga e INCIPIT<\/p>\n<p>Para m\u00e1s informaci\u00f3n, puedes consultar la p\u00e1gina web del evento <span style=\"color: #3366ff;\"><a style=\"color: #3366ff;\" href=\"https:\/\/gnight.gal\/obradoiros-no-claustro-do-colexio-fonseca\/\"><strong>aqu\u00ed<\/strong><\/a>.\u00a0<\/span><\/p>","excerpt":"","slug":"g-night-2026","image":{"url":"https:\/\/www.idisantiago.es\/wp-content\/uploads\/2026\/09\/GNIGHT-2026.png","id":49513,"extension":"png","width":1242,"height":566,"filesize":426447,"sizes":{"medium":{"width":300,"height":137,"mime-type":"image\/png","filesize":40524,"url":"https:\/\/www.idisantiago.es\/wp-content\/uploads\/2026\/09\/GNIGHT-2026-300x137.png"},"large":{"width":1024,"height":467,"mime-type":"image\/png","filesize":308078,"url":"https:\/\/www.idisantiago.es\/wp-content\/uploads\/2026\/09\/GNIGHT-2026-1024x467.png"},"thumbnail":{"width":150,"height":150,"mime-type":"image\/png","filesize":29660,"url":"https:\/\/www.idisantiago.es\/wp-content\/uploads\/2026\/09\/GNIGHT-2026-150x150.png"},"medium_large":{"width":768,"height":350,"mime-type":"image\/png","filesize":193373,"url":"https:\/\/www.idisantiago.es\/wp-content\/uploads\/2026\/09\/GNIGHT-2026-768x350.png"},"square-320":{"width":320,"height":320,"mime-type":"image\/png","filesize":105072,"url":"https:\/\/www.idisantiago.es\/wp-content\/uploads\/2026\/09\/GNIGHT-2026-320x320.png"},"et-pb-post-main-image":{"width":400,"height":250,"mime-type":"image\/png","filesize":103129,"url":"https:\/\/www.idisantiago.es\/wp-content\/uploads\/2026\/09\/GNIGHT-2026-400x250.png"},"et-pb-post-main-image-fullwidth":{"width":1080,"height":566,"mime-type":"image\/png","filesize":400690,"url":"https:\/\/www.idisantiago.es\/wp-content\/uploads\/2026\/09\/GNIGHT-2026-1080x566.png"},"et-pb-portfolio-image":{"width":400,"height":284,"mime-type":"image\/png","filesize":115875,"url":"https:\/\/www.idisantiago.es\/wp-content\/uploads\/2026\/09\/GNIGHT-2026-400x284.png"},"et-pb-portfolio-module-image":{"width":510,"height":382,"mime-type":"image\/png","filesize":179758,"url":"https:\/\/www.idisantiago.es\/wp-content\/uploads\/2026\/09\/GNIGHT-2026-510x382.png"},"et-pb-portfolio-image-single":{"width":1080,"height":492,"mime-type":"image\/png","filesize":334363,"url":"https:\/\/www.idisantiago.es\/wp-content\/uploads\/2026\/09\/GNIGHT-2026-1080x492.png"},"et-pb-gallery-module-image-portrait":{"width":400,"height":516,"mime-type":"image\/png","filesize":179463,"url":"https:\/\/www.idisantiago.es\/wp-content\/uploads\/2026\/09\/GNIGHT-2026-400x516.png"},"et-pb-image--responsive--tablet":{"width":980,"height":447,"mime-type":"image\/png","filesize":286106,"url":"https:\/\/www.idisantiago.es\/wp-content\/uploads\/2026\/09\/GNIGHT-2026-980x447.png"},"et-pb-image--responsive--phone":{"width":480,"height":219,"mime-type":"image\/png","filesize":88965,"url":"https:\/\/www.idisantiago.es\/wp-content\/uploads\/2026\/09\/GNIGHT-2026-480x219.png"},"menu-24x24":{"width":24,"height":11,"mime-type":"image\/png","filesize":865,"url":"https:\/\/www.idisantiago.es\/wp-content\/uploads\/2026\/09\/GNIGHT-2026-24x11.png"}}},"all_day":false,"start_date":"2026-09-25 18:00:00","start_date_details":{"year":"2026","month":"09","day":"25","hour":"18","minutes":"00","seconds":"00"},"end_date":"2026-09-25 21:00:00","end_date_details":{"year":"2026","month":"09","day":"25","hour":"21","minutes":"00","seconds":"00"},"utc_start_date":"2026-09-25 16:00:00","utc_start_date_details":{"year":"2026","month":"09","day":"25","hour":"16","minutes":"00","seconds":"00"},"utc_end_date":"2026-09-25 19:00:00","utc_end_date_details":{"year":"2026","month":"09","day":"25","hour":"19","minutes":"00","seconds":"00"},"timezone":"Europe\/Madrid","timezone_abbr":"CEST","cost":"5\u20ac","cost_details":{"currency_symbol":"\u20ac","currency_code":"USD","currency_position":"suffix","values":["5"]},"website":"","show_map":false,"show_map_link":false,"hide_from_listings":false,"sticky":true,"featured":true,"categories":[{"name":"Formaci\u00f3n","slug":"formacion","term_group":0,"term_taxonomy_id":495,"taxonomy":"tribe_events_cat","description":"","parent":0,"count":159,"filter":"raw","term_order":"0","order":"0","id":495,"urls":{"self":"https:\/\/www.idisantiago.es\/en\/wp-json\/tribe\/events\/v1\/categories\/495","collection":"https:\/\/www.idisantiago.es\/en\/wp-json\/tribe\/events\/v1\/categories"}},{"name":"General","slug":"general","term_group":0,"term_taxonomy_id":535,"taxonomy":"tribe_events_cat","description":"","parent":0,"count":121,"filter":"raw","term_order":"0","order":"0","id":535,"urls":{"self":"https:\/\/www.idisantiago.es\/en\/wp-json\/tribe\/events\/v1\/categories\/535","collection":"https:\/\/www.idisantiago.es\/en\/wp-json\/tribe\/events\/v1\/categories"}},{"name":"Divulgaci\u00f3n","slug":"divulgacion","term_group":0,"term_taxonomy_id":608,"taxonomy":"tribe_events_cat","description":"","parent":0,"count":22,"filter":"raw","term_order":"0","order":"0","id":608,"urls":{"self":"https:\/\/www.idisantiago.es\/en\/wp-json\/tribe\/events\/v1\/categories\/608","collection":"https:\/\/www.idisantiago.es\/en\/wp-json\/tribe\/events\/v1\/categories"}},{"name":"Divulgaci\u00f3n UCC+I","slug":"divulgacion-ucci","term_group":0,"term_taxonomy_id":885,"taxonomy":"tribe_events_cat","description":"","parent":0,"count":7,"filter":"raw","term_order":"0","order":"0","id":885,"urls":{"self":"https:\/\/www.idisantiago.es\/en\/wp-json\/tribe\/events\/v1\/categories\/885","collection":"https:\/\/www.idisantiago.es\/en\/wp-json\/tribe\/events\/v1\/categories"}}],"tags":[],"venue":{"id":42025,"author":"6","status":"publish","date":"2025-09-24 10:10:46","date_utc":"2025-09-24 08:10:46","modified":"2025-09-24 10:10:46","modified_utc":"2025-09-24 08:10:46","url":"https:\/\/www.idisantiago.es\/venue\/colegio-de-fonseca\/","venue":"Colegio de Fonseca","slug":"colegio-de-fonseca","address":"R\u00faa do Franco, s\/n","city":"Santiago de Compostela","country":"Spain","province":"A Coru\u00f1a","zip":"15782","stateprovince":"A Coru\u00f1a","json_ld":{"@type":"Place","name":"Colegio de Fonseca","description":"","url":"","address":{"@type":"PostalAddress","streetAddress":"R\u00faa do Franco, s\/n","addressLocality":"Santiago de Compostela","addressRegion":"A Coru\u00f1a","postalCode":"15782","addressCountry":"Spain"},"telephone":"","sameAs":""},"show_map":true,"show_map_link":true,"global_id":"www.idisantiago.es\/en\/?id=42025","global_id_lineage":["www.idisantiago.es\/en\/?id=42025"]},"organizer":[{"id":27139,"author":"12","status":"publish","date":"2023-02-20 10:07:12","date_utc":"0000-00-00 00:00:00","modified":"2023-02-20 10:07:12","modified_utc":"0000-00-00 00:00:00","url":"https:\/\/www.idisantiago.es\/organizer\/universidade-de-santiago-de-compostela-usc\/","organizer":"Universidade de Santiago de Compostela (USC)","slug":"universidade-de-santiago-de-compostela-usc","json_ld":{"@type":"Person","name":"Universidade de Santiago de Compostela (USC)","description":"","url":"","telephone":"","email":"","sameAs":""},"global_id":"www.idisantiago.es\/en\/?id=27139","global_id_lineage":["www.idisantiago.es\/en\/?id=27139"]},{"id":13243,"author":"12","status":"publish","date":"2022-02-17 12:11:57","date_utc":"2022-02-17 11:11:57","modified":"2022-02-25 10:18:58","modified_utc":"2022-02-25 09:18:58","url":"https:\/\/www.idisantiago.es\/organizer\/instituto-de-investigacion-sanitaria-de-santiago-de-compostela-idis\/","organizer":"Instituto de Investigaci\u00f3n Sanitaria de Santiago de Compostela (IDIS)","slug":"instituto-de-investigacion-sanitaria-de-santiago-de-compostela-idis","json_ld":{"@type":"Person","name":"Instituto de Investigaci\u00f3n Sanitaria de Santiago de Compostela (IDIS)","description":"","url":"","telephone":"","email":"","sameAs":""},"global_id":"www.idisantiago.es\/en\/?id=13243","global_id_lineage":["www.idisantiago.es\/en\/?id=13243"]},{"id":42026,"author":"6","status":"publish","date":"2025-09-24 10:10:50","date_utc":"2025-09-24 08:10:50","modified":"2025-09-24 10:10:50","modified_utc":"2025-09-24 08:10:50","url":"https:\/\/www.idisantiago.es\/organizer\/incipit\/","organizer":"INCIPIT","slug":"incipit","phone":"881 048 208","website":"https:\/\/www.incipit.csic.es\/","json_ld":{"@type":"Person","name":"INCIPIT","description":"","url":"https:\/\/www.incipit.csic.es\/","telephone":"881 048 208","email":"","sameAs":"https:\/\/www.incipit.csic.es\/"},"global_id":"www.idisantiago.es\/en\/?id=42026","global_id_lineage":["www.idisantiago.es\/en\/?id=42026"]},{"id":42030,"author":"6","status":"publish","date":"2025-09-24 10:16:36","date_utc":"2025-09-24 08:16:36","modified":"2025-09-24 10:16:36","modified_utc":"2025-09-24 08:16:36","url":"https:\/\/www.idisantiago.es\/organizer\/citmaga\/","organizer":"CITMAga","slug":"citmaga","phone":"881 81 33 57","website":"https:\/\/citmaga.gal\/es\/","json_ld":{"@type":"Person","name":"CITMAga","description":"","url":"https:\/\/citmaga.gal\/es\/","telephone":"881 81 33 57","email":"","sameAs":"https:\/\/citmaga.gal\/es\/"},"global_id":"www.idisantiago.es\/en\/?id=42030","global_id_lineage":["www.idisantiago.es\/en\/?id=42030"]}],"custom_fields":[],"json_ld":{"@context":"http:\/\/schema.org","@type":"Event","name":"G-Night 2026","description":"&lt;p&gt;El pr\u00f3ximo viernes, 25 de septiembre, el Claustro del Colegio de Fonseca (R\u00faa do Franco s\/n, Santiago de Compostela) se convertir\u00e1 en el espacio para acercar la ciencia a la [&hellip;]&lt;\/p&gt;\\n","image":"https:\/\/www.idisantiago.es\/wp-content\/uploads\/2026\/09\/GNIGHT-2026.png","url":"https:\/\/www.idisantiago.es\/en\/event\/g-night-2026\/","eventAttendanceMode":"https:\/\/schema.org\/OfflineEventAttendanceMode","eventStatus":"https:\/\/schema.org\/EventScheduled","startDate":"2026-09-25T18:00:00+02:00","endDate":"2026-09-25T21:00:00+02:00","location":{"@type":"Place","name":"Colegio de Fonseca","description":"","url":"","address":{"@type":"PostalAddress","streetAddress":"R\u00faa do Franco, s\/n","addressLocality":"Santiago de Compostela","addressRegion":"A Coru\u00f1a","postalCode":"15782","addressCountry":"Spain"},"telephone":"","sameAs":""},"organizer":{"@type":"Person","name":"Universidade de Santiago de Compostela (USC)","description":"","url":"","telephone":"","email":"","sameAs":""},"offers":{"@type":"Offer","price":"5","priceCurrency":"USD","url":"https:\/\/www.idisantiago.es\/en\/event\/g-night-2026\/","category":"primary","availability":"inStock","validFrom":"2026-09-03T00:00:00+00:00"},"performer":"Organization"},"event_bgcolor":"","event_text_color":""}