{"id":13229,"date":"2022-02-01T11:40:54","date_gmt":"2022-02-01T10:40:54","guid":{"rendered":"https:\/\/www.idisantiago.es\/?p=13229"},"modified":"2022-03-04T11:53:08","modified_gmt":"2022-03-04T10:53:08","slug":"rafael-lopez-los-resultados-de-nuestros-ensayos-clinicos-han-cambiado-la-practica-diaria-en-los-canceres-de-mama-colon-ginecologico-y-de-pulmon","status":"publish","type":"post","link":"https:\/\/www.idisantiago.es\/en\/rafael-lopez-los-resultados-de-nuestros-ensayos-clinicos-han-cambiado-la-practica-diaria-en-los-canceres-de-mama-colon-ginecologico-y-de-pulmon\/","title":{"rendered":"Rafael L\u00f3pez: \u201cLos resultados de nuestros ensayos cl\u00ednicos han cambiado la pr\u00e1ctica diaria en los c\u00e1nceres de mama, colon, ginecol\u00f3gico y de pulm\u00f3n\u201d"},"content":{"rendered":"<p>Rafael L\u00f3pez es el coordinador del \u00e1rea de Oncolog\u00eda del Instituto de Investigaci\u00f3n Sanitaria de Santiago de Compostela (IDIS), el director del grupo de Oncolog\u00eda m\u00e9dica traslacional (Oncomet) y el jefe de servicio de oncolog\u00eda m\u00e9dica del Complejo Hospitalario Universitario de Santiago (CHUS). Su carrera profesional ha estado centrada en la investigaci\u00f3n traslacional, que implica beneficios directos sobre el paciente. Actualmente lidera un equipo multidisciplinar altamente competitivo y sigue avanzando en la colaboraci\u00f3n p\u00fablico-privada para la financiaci\u00f3n de proyectos.<\/p>\n<p><strong>Empecemos por el principio, \u00bfc\u00f3mo comenz\u00f3 su trayectoria profesional como investigador?<\/strong><\/p>\n<p>Mis primeros pasos como investigador los di durante la residencia en el \u00e1rea de Oncolog\u00eda M\u00e9dica en el Hospital General de Asturias. Eleg\u00ed esta especialidad precisamente por la posibilidad que abr\u00eda a la investigaci\u00f3n. Posteriormente, durante la realizaci\u00f3n de un fellow o per\u00edodo de formaci\u00f3n en el Hospital de la Universidad Libre de \u00c1msterdam me empec\u00e9 a centrar en la investigaci\u00f3n b\u00e1sica traslacional y cl\u00ednica.<\/p>\n<p><strong>\u00bfCu\u00e1les son los logros m\u00e1s significativos de su carrera investigando?<\/strong><\/p>\n<p>Es para m\u00ed un gran orgullo haber ayudado a formar un grupo que contribuye a consolidar una asistencia de calidad cient\u00edfico-t\u00e9cnica y humana a trav\u00e9s de la investigaci\u00f3n. A lo largo de los \u00faltimos a\u00f1os desde este equipo hemos participado en los ensayos m\u00e1s importantes del \u00e1rea de oncolog\u00eda, que han cambiado la pr\u00e1ctica cl\u00ednica, especialmente en el c\u00e1ncer de mama. Adem\u00e1s, hemos sido el primer hospital con una unidad mixta p\u00fablico-privada de investigaci\u00f3n y hemos creado la primera spin-off del Servizo Galego de Sa\u00fade.<\/p>\n<p>Otro de los hitos de los que nos sentimos m\u00e1s orgullosos son nuestros avances en la investigaci\u00f3n de la biopsia l\u00edquida y de la medicina de precisi\u00f3n, ya que en los \u00faltimos 15 a\u00f1os ha pasado de tener una escasa presencia a ser uno de los grupos m\u00e1s importantes de investigaci\u00f3n del c\u00e1ncer en Espa\u00f1a.<\/p>\n<p><strong>\u00bfEn su campo, cu\u00e1les son las \u00e1reas en las que est\u00e1 centrado en la actualidad?<\/strong><\/p>\n<p>Mi actividad investigadora est\u00e1 centrada en los ensayos cl\u00ednicos. Personalmente, en el \u00e1mbito traslacional me interesan mucho las c\u00e9lulas tumorales circulantes como fuente y origen de las met\u00e1stasis. Se trata de un campo muy complicado por la rareza y la dificultad de su estudio, pero es un \u00e1mbito con mucho futuro. Adem\u00e1s, colaboro en la investigaci\u00f3n a trav\u00e9s de la biopsia l\u00edquida para descubrir mecanismos de resistencia y estudiar la evoluci\u00f3n clonal de los tumores.<\/p>\n<p><strong>\u00bfY en qu\u00e9 otros proyectos trabajan actualmente en su grupo?<\/strong><\/p>\n<p>Trabajamos en varios proyectos de ensayos cl\u00ednicos, especialmente centrados en el c\u00e1ncer de mama, pulm\u00f3n, digestivo, urol\u00f3gicos, ginecol\u00f3gicos y sarcomas. En pr\u00e1cticamente todos los tumores y en todas las fases, desde la I hasta la III. Estamos desarrollando un proyecto de nanotecnolog\u00eda europeo con el objetivo de bloquear e impedir la met\u00e1stasis y, al mismo tiempo, tenemos una iniciativa con el Instituto de Salud Carlos III para estudiar la resistencia en la primera l\u00ednea del c\u00e1ncer de mama con inhibidores de la aromatasa. Participamos en el proyecto Ingenio del Carlos III con los fondos Next Generation y en el Europeo de \u2018Un mill\u00f3n de genomas\u2019. Tenemos una nueva l\u00ednea de estudio de la saliva como parte de la biopsia liquida. Tambi\u00e9n participamos en otros proyectos para mejorar la vida de los pacientes y avanzar en la digitalizaci\u00f3n.<\/p>\n<p><strong>\u00bfCu\u00e1les son los hitos m\u00e1s recientes de su grupo de trabajo?<\/strong><\/p>\n<p>Los resultados de nuestros ensayos cl\u00ednicos han cambiado la pr\u00e1ctica diaria en los \u00faltimos a\u00f1os en los c\u00e1nceres de mama, col\u00f3n, ginecol\u00f3gico y de pulm\u00f3n. Y con nuestra labor hemos contribuido al desarrollo de la biopsia cl\u00ednica en oncolog\u00eda en diferentes proyectos y situaciones cl\u00ednicas, convirti\u00e9ndola en la herramienta de la medicina de precisi\u00f3n del presente y del futuro. Todo ello nos ha llevado adem\u00e1s a crear empleo de calidad y atraer talento.<\/p>\n<p><strong>\u00bfCu\u00e1les son las ventajas, como investigador, de pertenecer al IDIS?<\/strong><\/p>\n<p>Lo m\u00e1s importante es la satisfacci\u00f3n personal y colectiva del grupo. Pertenecer al IDIS nos permite estar a la vanguardia de la especialidad y tambi\u00e9n colaborar con otros investigadores y personal cl\u00ednico. El volumen y diversidad de equipos de un gran instituto como el nuestro, permite acelerar los progresos tanto en conjunto como individualmente. No entender\u00eda un hospital terciario o universitario sin investigaci\u00f3n traslacional y cl\u00ednica.<\/p>\n<p><strong>\u00bfQu\u00e9 importancia tiene para las comunidades sanitarias gallega y espa\u00f1ola la existencia de centros de investigaci\u00f3n como el IDIS?<\/strong><\/p>\n<p>Galicia tiene capacidad a trav\u00e9s de instituciones como el IDIS para erigirse como un gran epicentro de investigaci\u00f3n competitivo a nivel europeo y para generar conocimiento. Invertir en investigaci\u00f3n es invertir en futuro y es la mejor estrategia de sostenibilidad de nuestra cultura. Es evidente que los pa\u00edses que m\u00e1s invierten en investigaci\u00f3n son los que tienen un desarrollo m\u00e1s equilibrado, sostenible y los que ofrecen mejor calidad de vida a sus ciudadanos. En nuestro caso, a trav\u00e9s de una planificaci\u00f3n racional y potenciando la investigaci\u00f3n en red podremos llegar hasta el \u00faltimo rinc\u00f3n de la comunidad.<\/p>\n","protected":false},"excerpt":{"rendered":"<p>Rafael L\u00f3pez es el coordinador del \u00e1rea de Oncolog\u00eda del Instituto de Investigaci\u00f3n Sanitaria de Santiago de Compostela (IDIS), el director del grupo de Oncolog\u00eda m\u00e9dica traslacional (Oncomet) y el [&hellip;]<\/p>\n","protected":false},"author":12,"featured_media":15718,"comment_status":"closed","ping_status":"closed","sticky":false,"template":"","format":"standard","meta":{"_et_pb_use_builder":"","_et_pb_old_content":"","_et_gb_content_width":"","inline_featured_image":false,"footnotes":""},"categories":[1],"tags":[],"class_list":["post-13229","post","type-post","status-publish","format-standard","has-post-thumbnail","hentry","category-noticias"],"publishpress_future_workflow_manual_trigger":{"enabledWorkflows":[]},"_links":{"self":[{"href":"https:\/\/www.idisantiago.es\/en\/wp-json\/wp\/v2\/posts\/13229","targetHints":{"allow":["GET"]}}],"collection":[{"href":"https:\/\/www.idisantiago.es\/en\/wp-json\/wp\/v2\/posts"}],"about":[{"href":"https:\/\/www.idisantiago.es\/en\/wp-json\/wp\/v2\/types\/post"}],"author":[{"embeddable":true,"href":"https:\/\/www.idisantiago.es\/en\/wp-json\/wp\/v2\/users\/12"}],"replies":[{"embeddable":true,"href":"https:\/\/www.idisantiago.es\/en\/wp-json\/wp\/v2\/comments?post=13229"}],"version-history":[{"count":2,"href":"https:\/\/www.idisantiago.es\/en\/wp-json\/wp\/v2\/posts\/13229\/revisions"}],"predecessor-version":[{"id":13352,"href":"https:\/\/www.idisantiago.es\/en\/wp-json\/wp\/v2\/posts\/13229\/revisions\/13352"}],"wp:featuredmedia":[{"embeddable":true,"href":"https:\/\/www.idisantiago.es\/en\/wp-json\/wp\/v2\/media\/15718"}],"wp:attachment":[{"href":"https:\/\/www.idisantiago.es\/en\/wp-json\/wp\/v2\/media?parent=13229"}],"wp:term":[{"taxonomy":"category","embeddable":true,"href":"https:\/\/www.idisantiago.es\/en\/wp-json\/wp\/v2\/categories?post=13229"},{"taxonomy":"post_tag","embeddable":true,"href":"https:\/\/www.idisantiago.es\/en\/wp-json\/wp\/v2\/tags?post=13229"}],"curies":[{"name":"wp","href":"https:\/\/api.w.org\/{rel}","templated":true}]}}