{"id":13628,"date":"2022-01-10T11:26:45","date_gmt":"2022-01-10T10:26:45","guid":{"rendered":"https:\/\/www.idisantiago.es\/?p=13628"},"modified":"2022-03-17T13:20:13","modified_gmt":"2022-03-17T12:20:13","slug":"las-tesis-del-idis-contribucion-de-sumo-a-la-replicacion-del-virus-del-ebola","status":"publish","type":"post","link":"https:\/\/www.idisantiago.es\/en\/las-tesis-del-idis-contribucion-de-sumo-a-la-replicacion-del-virus-del-ebola\/","title":{"rendered":"Las tesis del IDIS: Contribuci\u00f3n de SUMO a la replicaci\u00f3n del virus del \u00e9bola"},"content":{"rendered":"<p>El investigador del IDIS Santiago Vidal Freire ha defendido su tesis, dirigida por M\u00aa Carmen Rivas V\u00e1zquez, con el t\u00edtulo Contribuci\u00f3n de SUMO a la replicaci\u00f3n del virus del \u00c9bola.<\/p>\n<p>En este trabajo ha demostrado la relevancia de SUMO y ubiquitina a la hora de modular las prote\u00ednas EP24 y VP35 del EBOV. Tambi\u00e9n identificamos nuevas actividades de la prote\u00edna VP24 que podr\u00edan explicar el fenotivpo altamente inflamatorio observado en los pacientes infectados con EBOV as\u00ed como la falta de maduraci\u00f3n de las c\u00e9lulas dendr\u00edticas infectadas con el virus. Algunos interactores y rutas de ne\u00f1alizaci\u00f3n identificadas en este estudio aparecen como prometedoras dianas terap\u00e9uticas. Adem\u00e1s, estos descubirmientos ayudan a incrementar el conocimiento y entender mejor la infecci\u00f3n por EBOV y su patogenicidad.<\/p>\n","protected":false},"excerpt":{"rendered":"<p>El investigador del IDIS Santiago Vidal Freire ha defendido su tesis, dirigida por M\u00aa Carmen Rivas V\u00e1zquez, con el t\u00edtulo Contribuci\u00f3n de SUMO a la replicaci\u00f3n del virus del \u00c9bola. [&hellip;]<\/p>\n","protected":false},"author":11,"featured_media":13633,"comment_status":"closed","ping_status":"closed","sticky":false,"template":"","format":"standard","meta":{"_et_pb_use_builder":"","_et_pb_old_content":"","_et_gb_content_width":"","inline_featured_image":false,"footnotes":""},"categories":[111],"tags":[],"class_list":["post-13628","post","type-post","status-publish","format-standard","has-post-thumbnail","hentry","category-tesis"],"publishpress_future_workflow_manual_trigger":{"enabledWorkflows":[]},"_links":{"self":[{"href":"https:\/\/www.idisantiago.es\/en\/wp-json\/wp\/v2\/posts\/13628","targetHints":{"allow":["GET"]}}],"collection":[{"href":"https:\/\/www.idisantiago.es\/en\/wp-json\/wp\/v2\/posts"}],"about":[{"href":"https:\/\/www.idisantiago.es\/en\/wp-json\/wp\/v2\/types\/post"}],"author":[{"embeddable":true,"href":"https:\/\/www.idisantiago.es\/en\/wp-json\/wp\/v2\/users\/11"}],"replies":[{"embeddable":true,"href":"https:\/\/www.idisantiago.es\/en\/wp-json\/wp\/v2\/comments?post=13628"}],"version-history":[{"count":1,"href":"https:\/\/www.idisantiago.es\/en\/wp-json\/wp\/v2\/posts\/13628\/revisions"}],"predecessor-version":[{"id":13636,"href":"https:\/\/www.idisantiago.es\/en\/wp-json\/wp\/v2\/posts\/13628\/revisions\/13636"}],"wp:featuredmedia":[{"embeddable":true,"href":"https:\/\/www.idisantiago.es\/en\/wp-json\/wp\/v2\/media\/13633"}],"wp:attachment":[{"href":"https:\/\/www.idisantiago.es\/en\/wp-json\/wp\/v2\/media?parent=13628"}],"wp:term":[{"taxonomy":"category","embeddable":true,"href":"https:\/\/www.idisantiago.es\/en\/wp-json\/wp\/v2\/categories?post=13628"},{"taxonomy":"post_tag","embeddable":true,"href":"https:\/\/www.idisantiago.es\/en\/wp-json\/wp\/v2\/tags?post=13628"}],"curies":[{"name":"wp","href":"https:\/\/api.w.org\/{rel}","templated":true}]}}