{"id":1865,"date":"2019-11-27T15:46:46","date_gmt":"2019-11-27T14:46:46","guid":{"rendered":"https:\/\/www.idisantiago.es\/?p=1865"},"modified":"2020-09-23T13:27:12","modified_gmt":"2020-09-23T11:27:12","slug":"investigadores-idis-premio-zendal-investigacion","status":"publish","type":"post","link":"https:\/\/www.idisantiago.es\/en\/investigadores-idis-premio-zendal-investigacion\/","title":{"rendered":"Investigadores do IDIS logran o primeiro premio Zendal de investigaci\u00f3n"},"content":{"rendered":"<p>Investigadores do grupo GenVip, do Instituto de Investigaci\u00f3n de Santiago, coordinado por Federico Martin\u00f3n-Torres, e Antonio Salas, reciben esta tarde en Vigo o <a href=\"https:\/\/zendal.com\/international-zendal-awards\">premio internacional Zendal de investigaci\u00f3n<\/a>.<!--more--><\/p>\n<p>O grupo de investigaci\u00f3n GenVip (Genetics, Vaccines, Infecctions and Pediatrics Research Group) situado no Hospital Cl\u00ednico Universitario de Santiago foi reco\u00f1ecido polo seu labor no \u00e1mbito da investigaci\u00f3n en enfermidades infecciosas e as vacinas en idade pedi\u00e1trica. Ao galard\u00f3n concorr\u00edan centros de gran prestixio internacional, como o Consello Superior de Investigaci\u00f3ns Cient\u00edficas (CSIC), o Centro de Biolox\u00eda Molecular Severo Ochoa, Centre for Research in Biological Chemistry and Molecular Materials (CiQUS), Cornea Proyect S.L e o Centro de Investigaci\u00f3n en Medicina Molecular e Enfermidades Cr\u00f3nicas (CIMUS).<\/p>\n<p>Zendal premia as\u00ed o seu labor investigador e traslacional. GenVip \u00e9 un grupo novo e multidisciplinar que integra pediatras, bi\u00f3logos, xenetistas, farmac\u00e9uticos, matem\u00e1ticos, bioinform\u00e1ticos, enfermeiros, etc.<\/p>\n<p>Nestes \u00faltimos dez anos, o grupo de investigaci\u00f3n galardoado conseguiu sete macro-proxectos europeos. \u00c9, ademais, Centro Colaborador da Organizaci\u00f3n Mundial da Sa\u00fade en Seguridade Vacinal, sendo o \u00fanico destas caracter\u00edsticas en Europa. O equipo de investigaci\u00f3n creou tam\u00e9n unha unidade de ensaios cl\u00ednicos de excelencia para vacinas e antiinfecciosos que desenvolveu m\u00e1is de 70 ensaios cl\u00ednicos desde Fase 1 que inclu\u00edron a m\u00e1is de 2.000 pacientes galegos. O grupo creou e coordina a Rede Espa\u00f1ola de Ensaios Cl\u00ednicos Pedi\u00e1tricos (RECLIP). Ademais, o Servizo de Pediatr\u00eda do Hospital Cl\u00ednico Universitario de Santiago onde se integra GENVIP recibiu por segundo ano consecutivo o premio BIC \u00e1 mellor unidade de infecciosas de Espa\u00f1a. En palabras do doutor Martin\u00f3n, \u201ceste premio representa un gran estimulo para continuar facendo o que facemos no noso grupo de investigaci\u00f3n. Somos un grupo novo e multidisciplinar, pero maduro, no que confl\u00fae unha aposta transgresora do Servizo Galego de Sa\u00fade e a Universidade de Santiago a trav\u00e9s do Instituto de Investigaci\u00f3n Sanitaria de Santiago, coa investigaci\u00f3n ao servizo do paciente pedi\u00e1trico. Cremos que a excelencia asistencial \u00e9 s\u00f3 posible a trav\u00e9s da excelencia investigadora\u201d.<\/p>\n<p>A s\u00faa proxecci\u00f3n no \u00e1mbito da produci\u00f3n cient\u00edfica, con m\u00e1is de 300 traballos e un factor impacto superior a 3.000, enfocada no avance do co\u00f1ecemento das bases xen\u00e9ticas das infecci\u00f3ns pedi\u00e1tricas. Segundo o profesor Salas, \u201cabordamos o estudo da biolox\u00eda das enfermidades infecciosas e as vacinas desde o punto de vista das ciencias \u00f3micas, que integran\u00a0sub-disciplinas como a xen\u00f3mica, a transcript\u00f3mica, a epigen\u00f3mica e a prote\u00f3mica. Facemos unha abordaxe integral da biolox\u00eda do h\u00f3spede, inclu\u00edndo estudos funcionais e de edici\u00f3n x\u00e9nica, que nos permite deducir os seus patr\u00f3ns de susceptibilidade a distintas patolox\u00edas infecciosas\u201d.<\/p>\n<p>A cerimonia de entrega que se celebra hoxe, 27 de novembro, \u00e1s 19:00 h na Fundaci\u00f3n Barri\u00e9 de Vigo.<\/p>\n","protected":false},"excerpt":{"rendered":"<p>Investigadores do grupo GenVip, do Instituto de Investigaci\u00f3n de Santiago, coordinado por Federico Martin\u00f3n-Torres, e Antonio Salas, reciben esta tarde en Vigo o premio internacional Zendal de investigaci\u00f3n.<\/p>\n","protected":false},"author":6,"featured_media":1866,"comment_status":"closed","ping_status":"closed","sticky":false,"template":"","format":"standard","meta":{"_et_pb_use_builder":"","_et_pb_old_content":"","_et_gb_content_width":"","inline_featured_image":false,"footnotes":""},"categories":[1],"tags":[],"class_list":["post-1865","post","type-post","status-publish","format-standard","has-post-thumbnail","hentry","category-noticias"],"publishpress_future_workflow_manual_trigger":{"enabledWorkflows":[]},"_links":{"self":[{"href":"https:\/\/www.idisantiago.es\/en\/wp-json\/wp\/v2\/posts\/1865","targetHints":{"allow":["GET"]}}],"collection":[{"href":"https:\/\/www.idisantiago.es\/en\/wp-json\/wp\/v2\/posts"}],"about":[{"href":"https:\/\/www.idisantiago.es\/en\/wp-json\/wp\/v2\/types\/post"}],"author":[{"embeddable":true,"href":"https:\/\/www.idisantiago.es\/en\/wp-json\/wp\/v2\/users\/6"}],"replies":[{"embeddable":true,"href":"https:\/\/www.idisantiago.es\/en\/wp-json\/wp\/v2\/comments?post=1865"}],"version-history":[{"count":1,"href":"https:\/\/www.idisantiago.es\/en\/wp-json\/wp\/v2\/posts\/1865\/revisions"}],"predecessor-version":[{"id":1867,"href":"https:\/\/www.idisantiago.es\/en\/wp-json\/wp\/v2\/posts\/1865\/revisions\/1867"}],"wp:featuredmedia":[{"embeddable":true,"href":"https:\/\/www.idisantiago.es\/en\/wp-json\/wp\/v2\/media\/1866"}],"wp:attachment":[{"href":"https:\/\/www.idisantiago.es\/en\/wp-json\/wp\/v2\/media?parent=1865"}],"wp:term":[{"taxonomy":"category","embeddable":true,"href":"https:\/\/www.idisantiago.es\/en\/wp-json\/wp\/v2\/categories?post=1865"},{"taxonomy":"post_tag","embeddable":true,"href":"https:\/\/www.idisantiago.es\/en\/wp-json\/wp\/v2\/tags?post=1865"}],"curies":[{"name":"wp","href":"https:\/\/api.w.org\/{rel}","templated":true}]}}