{"id":19528,"date":"2022-03-11T14:03:23","date_gmt":"2022-03-11T13:03:23","guid":{"rendered":"https:\/\/www.idisantiago.es\/the-idis-receives-the-visit-of-the-director-of-the-instituto-de-salud-carlos-iii\/"},"modified":"2022-03-22T10:21:37","modified_gmt":"2022-03-22T09:21:37","slug":"the-idis-receives-the-visit-of-the-director-of-the-instituto-de-salud-carlos-iii","status":"publish","type":"post","link":"https:\/\/www.idisantiago.es\/en\/the-idis-receives-the-visit-of-the-director-of-the-instituto-de-salud-carlos-iii\/","title":{"rendered":"The IDIS receives the visit of the director of the Instituto de Salud Carlos III"},"content":{"rendered":"<p><img loading=\"lazy\" decoding=\"async\" class=\"alignnone size-medium wp-image-9678\" src=\"https:\/\/www.idisantiago.es\/wp-content\/uploads\/2022\/03\/IDIS1-1-300x225.jpeg\" alt=\"\" width=\"300\" height=\"225\" \/><\/p>\n<p>The director of the Carlos III Health Institute, Crist\u00f3bal Belda, and the deputy directors of the entity, Pilar Gayoso and Rosario Perona, today visited the facilities and laboratories of the Santiago de Compostela Health Research Institute (IDIS), where they met with representatives of the Sanitary area of \u200b\u200bSantiago and the USC, as well as the Institute itself; and they held a meeting of the Alliance of Institutes as well as a meeting with researchers from the center in which they learned first-hand about the latest advances achieved by different research groups.<\/p>\n<p>The representatives of the Carlos III Health Institute were received by IDIS researchers and other personalities from the health and teaching fields, including Jorge Aboal, General Director of Health Assistance of the Galician Health Service; Elo\u00edna N\u00fa\u00f1ez, manager of the Health Area of \u200b\u200bSantiago de Compostela and Barbanza; M\u00aa Luz Couce, scientific director of IDIS; Isabel Lista, director of the IDIS Foundation; Antonio Fern\u00e1ndez-Campa, director of the Knowledge Agency in Health; Antonio L\u00f3pez, rector of the USC; Vicente P\u00e9rez, vice-rector for research at USC; and Juli\u00e1n \u00c1lvarez, Dean of the USC Faculty of Medicine.<\/p>\n<p>During the visit to IDIS, the director of the Carlos III Health Institute, Crist\u00f3bal Belda, highlighted the research work of the professionals of this center. &#8220;We thank you for the creation of infrastructures that will mark the roadmap for the future of research and for your scientific contribution,&#8221; he said.<\/p>\n<p>Elo\u00edna N\u00fa\u00f1ez, manager of the Santiago de Compostela Health Area, underlined that \u201cthe research task is an inseparable part, together with teaching, of the essence of the Santiago health area and constitutes a fundamental element for our care excellence. As Manager of the Compostelan Public Health and President of the Board of Trustees of the Santiago Health Research Institute Foundation, I know very well the great work carried out by the more than 1,100 IDIS researchers, reflected in the numerous successes and articles they publish each year. The strong growth that it experiences, not in vain the fundraising for IDIS research multiplied by 5, is an unequivocal symptom of the strength of medical research in Compostela\u201d.<\/p>\n<p>In other hand, Antonio L\u00f3pez, chancellor of the USC, pointed out that \u201cthe convergence in the IDIS of three institutions and entities such as the University of Santiago, the Galician Health Service and the Carlos III Health Institute is an excellent example of synergy in favor of improving people&#8217;s quality of life. We are three organizations with missions and personalities capable of finding a meeting point that helps to highlight our individual strengths as effectively as possible and, above all, to put them at the service of society\u201d.<\/p>\n<p>The visit took place after the publication of the new Strategic Health Action of the State Plan for Scientific, Technical and Innovation Research 2021-2023, which this year has more than 144 million euros to finance biomedical and health research in Spain. Currently, the calls for grants and the support lines of the Carlos III Health Institute finance 25% of the research projects carried out by the IDIS groups.<\/p>\n<p><strong>Challenges and objectives of IDIS<\/strong><\/p>\n<p>The scientific director of IDIS, Mar\u00eda Luz Couce, spoke to the directors of the Carlos III Health Institute about the present and future of the institution, with a focus on the objectives and challenges that have been set since she has been in charge of the entity . &#8220;IDIS is in a period of growth in which it is intended to promote translational research by promoting collaboration between clinical and basic researchers,&#8221; he explained.<\/p>\n<p>Looking to the future, IDIS aspires to improve the quality of its services and platforms by accrediting them and to promote the transfer of results through the development of spin-offs. In the short term, the Institute intends to establish new strategic alliances, promote its brand image and improve and expand its infrastructures with the aim of creating an integrated and attractive space for conducting excellent science.<\/p>\n","protected":false},"excerpt":{"rendered":"<p>The director of the Carlos III Health Institute, Crist\u00f3bal Belda, and the deputy directors of the entity, Pilar Gayoso and Rosario Perona, today visited the facilities and laboratories of the [&hellip;]<\/p>\n","protected":false},"author":11,"featured_media":17364,"comment_status":"closed","ping_status":"closed","sticky":false,"template":"","format":"standard","meta":{"_et_pb_use_builder":"","_et_pb_old_content":"","_et_gb_content_width":"","inline_featured_image":false,"footnotes":""},"categories":[176,493],"tags":[],"class_list":["post-19528","post","type-post","status-publish","format-standard","has-post-thumbnail","hentry","category-news-en","category-carrusel-de-portada-en"],"publishpress_future_workflow_manual_trigger":{"enabledWorkflows":[]},"_links":{"self":[{"href":"https:\/\/www.idisantiago.es\/en\/wp-json\/wp\/v2\/posts\/19528","targetHints":{"allow":["GET"]}}],"collection":[{"href":"https:\/\/www.idisantiago.es\/en\/wp-json\/wp\/v2\/posts"}],"about":[{"href":"https:\/\/www.idisantiago.es\/en\/wp-json\/wp\/v2\/types\/post"}],"author":[{"embeddable":true,"href":"https:\/\/www.idisantiago.es\/en\/wp-json\/wp\/v2\/users\/11"}],"replies":[{"embeddable":true,"href":"https:\/\/www.idisantiago.es\/en\/wp-json\/wp\/v2\/comments?post=19528"}],"version-history":[{"count":1,"href":"https:\/\/www.idisantiago.es\/en\/wp-json\/wp\/v2\/posts\/19528\/revisions"}],"predecessor-version":[{"id":19533,"href":"https:\/\/www.idisantiago.es\/en\/wp-json\/wp\/v2\/posts\/19528\/revisions\/19533"}],"wp:featuredmedia":[{"embeddable":true,"href":"https:\/\/www.idisantiago.es\/en\/wp-json\/wp\/v2\/media\/17364"}],"wp:attachment":[{"href":"https:\/\/www.idisantiago.es\/en\/wp-json\/wp\/v2\/media?parent=19528"}],"wp:term":[{"taxonomy":"category","embeddable":true,"href":"https:\/\/www.idisantiago.es\/en\/wp-json\/wp\/v2\/categories?post=19528"},{"taxonomy":"post_tag","embeddable":true,"href":"https:\/\/www.idisantiago.es\/en\/wp-json\/wp\/v2\/tags?post=19528"}],"curies":[{"name":"wp","href":"https:\/\/api.w.org\/{rel}","templated":true}]}}