{"id":23913,"date":"2022-06-07T14:21:05","date_gmt":"2022-06-07T12:21:05","guid":{"rendered":"https:\/\/www.idisantiago.es\/pesar-en-el-idis-por-el-fallecimiento-de-la-investigadora-lider-del-grupo-de-bioestadistica-carmen-cadarso\/"},"modified":"2022-06-08T09:30:34","modified_gmt":"2022-06-08T07:30:34","slug":"pesar-en-el-idis-por-el-fallecimiento-de-la-investigadora-lider-del-grupo-de-bioestadistica-carmen-cadarso","status":"publish","type":"post","link":"https:\/\/www.idisantiago.es\/en\/pesar-en-el-idis-por-el-fallecimiento-de-la-investigadora-lider-del-grupo-de-bioestadistica-carmen-cadarso\/","title":{"rendered":"Pesar en el IDIS por el fallecimiento de la investigadora l\u00edder del grupo de Bioestad\u00edstica, Carmen Cadarso"},"content":{"rendered":"<p><strong>Santiago de Compostela, 7 de junio de 2022.<\/strong>\u00a0El grupo de Bioestad\u00edstica del IDIS ha perdido a su investigadora principal, la Doctora Carmen Cadarso Su\u00e1rez, que falleci\u00f3 ayer dejando un profundo pesar en todo el Instituto de Investigaci\u00f3n Sanitaria de Santiago de Compostela.<\/p>\n<p>Carmen Cadarso, era licenciada en Matem\u00e1ticas, y doctora por la Universidade de Santiago con la tesis \u2018Nuevos aportes en la estimaci\u00f3n param\u00e9trica y no param\u00e9trica de la regresi\u00f3n con datos censurados\u2019 en el a\u00f1o 1990. Desde ese momento, inici\u00f3 una carrera docente e investigadora en el \u00e1rea estad\u00edstica de la Facultad de Medicina de la USC que la llev\u00f3 a dirigir 13 tesis doctorales y formar parte de 23 tribunales. Especialista en Modelos de Regresi\u00f3n Flexibles y Joint Modeling para datos longitudinales y de supervivencia, con dilatada experiencia en metodolog\u00edas estad\u00edsticas de aplicaci\u00f3n cl\u00ednica y epidemiol\u00f3gica. Coautora de m\u00e1s de 200 publicaciones en revistas cient\u00edficas. Coordinadora de la Red Nacional de Bioestat\u00edstica_BIOSTATNET, red de excelencia (Ministerio de Ciencia e Innovaci\u00f3n), directora del Centro Interdisciplinar de Bioestat\u00edstica (USC) y promotora de Biostatech, spin off de la USC.<\/p>\n<p>Durante 30 a\u00f1os fue docente del Departamento de Estad\u00edstica, An\u00e1lisis, Matem\u00e1tica y Optimizaci\u00f3n, tanto en el grado de Medicina, como en diversos m\u00e1sters y programas de doctorado. Como investigadora en el IDIS, estaba a cargo del grupo de Bioestad\u00edstica desde el a\u00f1o 2010, un grupo interdisciplinar de proyecci\u00f3n internacional y, desde 2016, reconocido como Grupo de Referencia Competitiva reconocido por la Xunta de Galicia.<\/p>\n<p>Todo el equipo del Instituto de Investigaci\u00f3n Sanitaria de Santiago de Compostela lamenta la p\u00e9rdida no s\u00f3lo de una profesional investigadora de referencia internacional, sino de una l\u00edder y compa\u00f1era excelente, y acompa\u00f1a en el dolor a la familia y amigos m\u00e1s cercanos.<\/p>\n<p>&nbsp;<\/p>\n","protected":false},"excerpt":{"rendered":"<p>Cadarso Su\u00e1rez era matem\u00e1tica de formaci\u00f3n, Catedr\u00e1tica de Estad\u00edstica de la USC con m\u00e1s de 30 a\u00f1os de trayectoria investigadora y docente, y l\u00edder del grupo Bioestad\u00edstica del IDIS<\/p>\n","protected":false},"author":16,"featured_media":23882,"comment_status":"closed","ping_status":"closed","sticky":false,"template":"","format":"standard","meta":{"_et_pb_use_builder":"","_et_pb_old_content":"","_et_gb_content_width":"","inline_featured_image":false,"footnotes":""},"categories":[176,493,522,530],"tags":[826,827,828],"class_list":["post-23913","post","type-post","status-publish","format-standard","has-post-thumbnail","hentry","category-news-en","category-carrusel-de-portada-en","category-carrusel-en-ingles-en","category-carrusel-en-galego-en","tag-bioestadistica-en","tag-biomedica-en","tag-cadarso-en"],"publishpress_future_workflow_manual_trigger":{"enabledWorkflows":[]},"_links":{"self":[{"href":"https:\/\/www.idisantiago.es\/en\/wp-json\/wp\/v2\/posts\/23913","targetHints":{"allow":["GET"]}}],"collection":[{"href":"https:\/\/www.idisantiago.es\/en\/wp-json\/wp\/v2\/posts"}],"about":[{"href":"https:\/\/www.idisantiago.es\/en\/wp-json\/wp\/v2\/types\/post"}],"author":[{"embeddable":true,"href":"https:\/\/www.idisantiago.es\/en\/wp-json\/wp\/v2\/users\/16"}],"replies":[{"embeddable":true,"href":"https:\/\/www.idisantiago.es\/en\/wp-json\/wp\/v2\/comments?post=23913"}],"version-history":[{"count":1,"href":"https:\/\/www.idisantiago.es\/en\/wp-json\/wp\/v2\/posts\/23913\/revisions"}],"predecessor-version":[{"id":23915,"href":"https:\/\/www.idisantiago.es\/en\/wp-json\/wp\/v2\/posts\/23913\/revisions\/23915"}],"wp:featuredmedia":[{"embeddable":true,"href":"https:\/\/www.idisantiago.es\/en\/wp-json\/wp\/v2\/media\/23882"}],"wp:attachment":[{"href":"https:\/\/www.idisantiago.es\/en\/wp-json\/wp\/v2\/media?parent=23913"}],"wp:term":[{"taxonomy":"category","embeddable":true,"href":"https:\/\/www.idisantiago.es\/en\/wp-json\/wp\/v2\/categories?post=23913"},{"taxonomy":"post_tag","embeddable":true,"href":"https:\/\/www.idisantiago.es\/en\/wp-json\/wp\/v2\/tags?post=23913"}],"curies":[{"name":"wp","href":"https:\/\/api.w.org\/{rel}","templated":true}]}}