{"id":25161,"date":"2022-09-27T18:31:11","date_gmt":"2022-09-27T16:31:11","guid":{"rendered":"https:\/\/www.idisantiago.es\/?p=25161"},"modified":"2022-09-27T18:33:46","modified_gmt":"2022-09-27T16:33:46","slug":"el-i-simposio-nacional-de-radon-laboral-finaliza-con-la-presentacion-de-un-software-de-medicion-fruto-de-la-investigacion-en-prevencion","status":"publish","type":"post","link":"https:\/\/www.idisantiago.es\/en\/el-i-simposio-nacional-de-radon-laboral-finaliza-con-la-presentacion-de-un-software-de-medicion-fruto-de-la-investigacion-en-prevencion\/","title":{"rendered":"Finaliza el I Simposio Nacional de Rad\u00f3n Laboral con la presentaci\u00f3n de un software de medici\u00f3n fruto de la investigaci\u00f3n en prevenci\u00f3n"},"content":{"rendered":"<p><strong>Santiago de Compostela, 27 de septiembre de 2022.<\/strong> El rad\u00f3n es un gas radiactivo fruto de la desintegraci\u00f3n de radio y uranio presentes en toda la corteza terrestre, pero especialmente en zonas gran\u00edticas como Galicia y que seg\u00fan la Organizaci\u00f3n Mundial de la Salud, OMS, es la segunda causa de c\u00e1ncer de pulm\u00f3n, tras el tabaco. Ante este panorama y tras a\u00f1os de investigaci\u00f3n el equipo del investigador del IDIS y Catedr\u00e1tico de la USC, Alberto Ruano organizaron hoy en la Facultad de Medicina el I Simposio Nacional de Rad\u00f3n Laboral.<\/p>\n<p>Durante casi 5 horas, diversos profesionales han ido desgranando los diferentes aspectos de este problema de salud p\u00fablica y sus posibles soluciones orientadas, en esta ocasi\u00f3n al \u00e1mbito laboral. Seg\u00fan una Directiva Europea 2013759\/Euratom, el volumen m\u00e1ximo por m3 de gas rad\u00f3n en el lugar de trabajo no debe superar los 300 bequerelios, sin embargo la transposici\u00f3n de esta norma al ordenamiento jur\u00eddico espa\u00f1ol ha tardado casi 9 a\u00f1os y entrar\u00e1 en vigor en un par de meses.<\/p>\n<p>Ante ese vac\u00edo, el grupo de investigaci\u00f3n que lidera Ruano Ravi\u00f1a, a trav\u00e9s del Laboratorio Rad\u00f3n de Galicia, ha llevado a cabo un estudio en el que se recogen mediciones de m\u00e1s de 3.000 puestos de trabajo en Espa\u00f1a y cuyas conclusiones ser\u00e1n publicadas pr\u00f3ximamente. No hay que olvidar que seg\u00fan la OMS, la inhalaci\u00f3n de gas rad\u00f3n es culpable de entre un 3 y un 14% de los c\u00e1nceres de pulm\u00f3n.<\/p>\n<p>En la misma l\u00ednea de investigaci\u00f3n y precisamente para dar respuesta a la necesidad de realizar mediciones continuas en los puestos de trabajo, la doctoranda y tambi\u00e9n investigadora IDIS Luc\u00eda Mart\u00edn de Bernardo, present\u00f3 al final de la segunda sesi\u00f3n del simposio, Rad\u00f3nPro, una herramienta de software que permite controlar la exposici\u00f3n de los trabajadores a gas rad\u00f3n y mantener las dosis de inhalaci\u00f3n bajo las recomendaciones sin la necesidad de utilizar dos\u00edmetros personales. Este software es especialmente \u00fatil en empresas donde los puestos de trabajo se establezcan en interiores, con elevador n\u00famero de zonas de trabajo y trabajadores multizona.<\/p>\n<p>A este simposio han acudido como ponentes, expertos de diferentes \u00e1mbitos como Marta Garc\u00eda Talavera, jefa de \u00c1rea de Radiaci\u00f3n Natural del Consejo de Seguridad Nuclear; Luis Quind\u00f3s, director del laboratorio de Radioactividad Ambiental de la Universidad de Cantabria; Irene Mar\u00edn, Subdirectora General para la Coordinaci\u00f3n de la Inspecci\u00f3n del Sistema de Relaciones Laborales; Heloisa Fonseca, investigadora de protecci\u00f3n de la radiaci\u00f3n de la Agencia Portuguesa de Ambiente; y Luc\u00eda Ferr\u00f3n, del ISSGA, junto a varios representantes de la empresa privada, con el catedr\u00e1tico en Medicina Preventiva y Salud P\u00fablica de la USC, Juan Barros como moderador.<\/p>\n","protected":false},"excerpt":{"rendered":"<p>El 70% de la superficie de Galicia supera los 300 bequerelios por m3, m\u00e1ximo permitido por la legislaci\u00f3n laboral para evitar los efectos cancer\u00edgenos del gas<\/p>\n","protected":false},"author":16,"featured_media":25162,"comment_status":"closed","ping_status":"closed","sticky":false,"template":"","format":"standard","meta":{"_et_pb_use_builder":"","_et_pb_old_content":"","_et_gb_content_width":"","inline_featured_image":false,"footnotes":""},"categories":[1,332,521,529,610],"tags":[322,327,852],"class_list":["post-25161","post","type-post","status-publish","format-standard","has-post-thumbnail","hentry","category-noticias","category-carrusel-de-portada","category-carrusel-en-ingles","category-carrusel-en-galego","category-investigacion","tag-cancer-de-pulmon","tag-radon","tag-gas"],"publishpress_future_workflow_manual_trigger":{"enabledWorkflows":[]},"_links":{"self":[{"href":"https:\/\/www.idisantiago.es\/en\/wp-json\/wp\/v2\/posts\/25161","targetHints":{"allow":["GET"]}}],"collection":[{"href":"https:\/\/www.idisantiago.es\/en\/wp-json\/wp\/v2\/posts"}],"about":[{"href":"https:\/\/www.idisantiago.es\/en\/wp-json\/wp\/v2\/types\/post"}],"author":[{"embeddable":true,"href":"https:\/\/www.idisantiago.es\/en\/wp-json\/wp\/v2\/users\/16"}],"replies":[{"embeddable":true,"href":"https:\/\/www.idisantiago.es\/en\/wp-json\/wp\/v2\/comments?post=25161"}],"version-history":[{"count":4,"href":"https:\/\/www.idisantiago.es\/en\/wp-json\/wp\/v2\/posts\/25161\/revisions"}],"predecessor-version":[{"id":25169,"href":"https:\/\/www.idisantiago.es\/en\/wp-json\/wp\/v2\/posts\/25161\/revisions\/25169"}],"wp:featuredmedia":[{"embeddable":true,"href":"https:\/\/www.idisantiago.es\/en\/wp-json\/wp\/v2\/media\/25162"}],"wp:attachment":[{"href":"https:\/\/www.idisantiago.es\/en\/wp-json\/wp\/v2\/media?parent=25161"}],"wp:term":[{"taxonomy":"category","embeddable":true,"href":"https:\/\/www.idisantiago.es\/en\/wp-json\/wp\/v2\/categories?post=25161"},{"taxonomy":"post_tag","embeddable":true,"href":"https:\/\/www.idisantiago.es\/en\/wp-json\/wp\/v2\/tags?post=25161"}],"curies":[{"name":"wp","href":"https:\/\/api.w.org\/{rel}","templated":true}]}}