{"id":29986,"date":"2023-07-18T15:06:50","date_gmt":"2023-07-18T13:06:50","guid":{"rendered":"https:\/\/www.idisantiago.es\/?p=29986"},"modified":"2023-07-18T15:09:50","modified_gmt":"2023-07-18T13:09:50","slug":"la-obra-social-de-pediatria-del-idis-colabora-con-la-noia-harp-fest-en-el-proyecto-piloto-boas-vibras-arpistas-pola-saude","status":"publish","type":"post","link":"https:\/\/www.idisantiago.es\/en\/la-obra-social-de-pediatria-del-idis-colabora-con-la-noia-harp-fest-en-el-proyecto-piloto-boas-vibras-arpistas-pola-saude\/","title":{"rendered":"La Obra Social de Pediatr\u00eda del IDIS colabora con la Noia Harp Fest en el proyecto piloto &#8220;Boas Vibras, arpistas pola sa\u00fade&#8221;"},"content":{"rendered":"<p><strong>Santiago de Compostela, 18 de julio de 2023<\/strong>.- La m\u00fasica es una gran herramienta terap\u00e9utica aplicada a la medicina. El proyecto piloto &#8220;Boas Vibras. Arpistas pola sa\u00fade&#8221; se trata de una colaboraci\u00f3n entre la Obra Social de Pediatr\u00eda del Instituto de Investigaci\u00f3n Sanitaria de Santiago (IDIS) y varios arpistas vinculados a la Asociaci\u00f3n Noia Harp Fest. Esta entidad es la impulsora del festival hom\u00f3nimo que se celebrar\u00e1 en el concello de Noia del 3 al 6 de agosto.<br \/>\n&#8220;Boas vibras. Arpistas pola sa\u00fade&#8221;, es un programa piloto puesto en marcha por la Obra Social de Pediatr\u00eda del IDIS y la Asociaci\u00f3n Noia Harp Fest para favorecer la presencia de la m\u00fasica de arpa en los centros hospitalarios, en concreto en el \u00e1rea de Pediatr\u00eda del Complejo Hospitalario de Santiago (CHUS). La intenci\u00f3n es acompa\u00f1ar la mejora de la humanizaci\u00f3n en la asistencia a los pacientes, &#8220;as\u00ed como el aprovechamiento de los beneficios que supone esta pr\u00e1ctica para la salud, estudiados y analizados en otras experiencias similares realizadas en diversas partes del mundo&#8221;, asegura Rodrigo Roman\u00ed, director de Boas Vibras e do Noia Harp Fest. \u201cLevamos dez sesi\u00f3ns, e a\u00ednda que sexa o inicio e quede moito por avanzar, cremos que a experiencia est\u00e1 a resultar moi positiva tanto para os pacientes, como para o persoal sanitario e os propios artistas\u201d, apunta.<br \/>\n&#8220;Los beneficios de la m\u00fasica, y en particular del arpa, en la salud de los pacientes pedi\u00e1tricos son m\u00faltiples&#8221;, se\u00f1ala el doctor Federico Martin\u00f3n, jefe de pediatr\u00eda del CHUS. &#8220;Puede ayudar a reducir la ansiedad y el estr\u00e9s, mejorar el estado de \u00e1nimo, proporcionar una distracci\u00f3n del dolor y el malestar, e incluso puede mejorar el sue\u00f1o. Estamos entusiasmados de incorporar este tipo de terapia innovadora y sin medicaci\u00f3n en nuestro hospital.&#8221; El proyecto piloto tambi\u00e9n promover\u00e1 la investigaci\u00f3n, estudiando el impacto de la m\u00fasica en los ni\u00f1os hospitalizados para poder respaldar su implementaci\u00f3n con datos cuantitativos y cualitativos s\u00f3lidos. En un mundo cada vez m\u00e1s consciente del valor de la atenci\u00f3n integral y humanizada, esta iniciativa representa un paso adelante significativo en la atenci\u00f3n de los m\u00e1s peque\u00f1os.<br \/>\nLa experiencia piloto que se desarrolla en el CHUS est\u00e1 controlada por el personal sanitario. Casi todas las semanas, arpistas de la asociaci\u00f3n visitan a los pacientes de forma solidaria, estableciendo una comunicaci\u00f3n sonora basada en la personalizaci\u00f3n de la m\u00fasica que se interpreta, &#8220;centrada en la adaptaci\u00f3n a las caracter\u00edsticas y a la situaci\u00f3n de cada persona&#8221;, se\u00f1ala, primando tambi\u00e9n la improvisaci\u00f3n musical para llegar a provocar cambios positivos y observables en su evoluci\u00f3n.<\/p>\n<p><strong>M\u00e1s informaci\u00f3n sobre el IDIS<\/strong><\/p>\n<p>El Instituto de Investigaci\u00f3n Sanitaria de Santiago de Compostela (IDIS) nace en 2008 fruto de la colaboraci\u00f3n entre el \u00c1rea Sanitaria de Santiago de Compostela y Barbanza (SERGAS) y la Universidad de Santiago de Compostela. Como eje de la investigaci\u00f3n sanitaria gallega, est\u00e1 acreditado por el Instituto de Salud Carlos III ya desde el 2010. Su objetivo es identificar y desenvolver nuevas soluciones que den respuesta a los problemas de salud de la sociedad. Con un equipo de 1213 profesionales, 106 grupos de investigaci\u00f3n, 43,5 M\u20ac de fondos captados en el \u00faltimo a\u00f1o, el IDIS contribuye con su labor a incrementar el conocimiento de la salud y a la consolidaci\u00f3n de la innovaci\u00f3n en el sector sanitario.<\/p>\n","protected":false},"excerpt":{"rendered":"<p>Un grupo de arpistas visitan a los ni\u00f1os del hospital cada mes para aprovechar los beneficios de la m\u00fasica en la salud y acompa\u00f1ar a los peque\u00f1os <\/p>\n","protected":false},"author":14,"featured_media":29982,"comment_status":"closed","ping_status":"closed","sticky":false,"template":"","format":"standard","meta":{"_et_pb_use_builder":"","_et_pb_old_content":"","_et_gb_content_width":"","inline_featured_image":false,"footnotes":""},"categories":[1,332,529],"tags":[],"class_list":["post-29986","post","type-post","status-publish","format-standard","has-post-thumbnail","hentry","category-noticias","category-carrusel-de-portada","category-carrusel-en-galego"],"publishpress_future_workflow_manual_trigger":{"enabledWorkflows":[]},"_links":{"self":[{"href":"https:\/\/www.idisantiago.es\/en\/wp-json\/wp\/v2\/posts\/29986","targetHints":{"allow":["GET"]}}],"collection":[{"href":"https:\/\/www.idisantiago.es\/en\/wp-json\/wp\/v2\/posts"}],"about":[{"href":"https:\/\/www.idisantiago.es\/en\/wp-json\/wp\/v2\/types\/post"}],"author":[{"embeddable":true,"href":"https:\/\/www.idisantiago.es\/en\/wp-json\/wp\/v2\/users\/14"}],"replies":[{"embeddable":true,"href":"https:\/\/www.idisantiago.es\/en\/wp-json\/wp\/v2\/comments?post=29986"}],"version-history":[{"count":2,"href":"https:\/\/www.idisantiago.es\/en\/wp-json\/wp\/v2\/posts\/29986\/revisions"}],"predecessor-version":[{"id":29989,"href":"https:\/\/www.idisantiago.es\/en\/wp-json\/wp\/v2\/posts\/29986\/revisions\/29989"}],"wp:featuredmedia":[{"embeddable":true,"href":"https:\/\/www.idisantiago.es\/en\/wp-json\/wp\/v2\/media\/29982"}],"wp:attachment":[{"href":"https:\/\/www.idisantiago.es\/en\/wp-json\/wp\/v2\/media?parent=29986"}],"wp:term":[{"taxonomy":"category","embeddable":true,"href":"https:\/\/www.idisantiago.es\/en\/wp-json\/wp\/v2\/categories?post=29986"},{"taxonomy":"post_tag","embeddable":true,"href":"https:\/\/www.idisantiago.es\/en\/wp-json\/wp\/v2\/tags?post=29986"}],"curies":[{"name":"wp","href":"https:\/\/api.w.org\/{rel}","templated":true}]}}