{"id":30657,"date":"2023-10-11T13:56:19","date_gmt":"2023-10-11T11:56:19","guid":{"rendered":"https:\/\/www.idisantiago.es\/?p=30657"},"modified":"2023-10-13T13:57:40","modified_gmt":"2023-10-13T11:57:40","slug":"el-grupo-farmacologia-clinica-del-idis-recibe-el-premio-al-mejor-proyecto-ii","status":"publish","type":"post","link":"https:\/\/www.idisantiago.es\/en\/el-grupo-farmacologia-clinica-del-idis-recibe-el-premio-al-mejor-proyecto-ii\/","title":{"rendered":"El Grupo Farmacolog\u00eda Cl\u00ednica del IDIS recibe el Premio al Mejor Proyecto I+i"},"content":{"rendered":"<p><strong>Santiago de Compostela, 11 de octubre de 2023.- <\/strong>El proyecto R-evoluci\u00f3n farmacocin\u00e9tica, coordinado desde la Unidad de Investigaci\u00f3n del Servicio de Farmacia del CHUS ha conseguido desarrollar e implementar una herramienta software para realizar recomendaciones posol\u00f3gicas de precisi\u00f3n mediante la aplicaci\u00f3n de t\u00e9cnicas farmacocin\u00e9ticas y farmacogen\u00e9ticas.<\/p>\n<p>En la actualidad, solo el 34.1% de los Servicios de Farmacia realiza informes farmacocin\u00e9ticos, debido principalmente a la falta de herramientas inform\u00e1ticas modernas, intuitivas y vers\u00e1tiles para realizar recomendaciones posol\u00f3gicas.\u00a0 Los softwares m\u00e1s utilizados, datan de finales del siglo pasado y presentan limitaciones relevantes para la pr\u00e1ctica cl\u00ednica. Con este desarrollo se han logrado desarrollar interfaces inteligentes que permiten a los facultativo introducir los datos cl\u00ednicos de forma \u00e1gil e intuitiva.<\/p>\n<p>A su vez el software, desarrollado en colaboraci\u00f3n con el grupo VARPA de la Universidad de A Coru\u00f1a, permite generar un back-end robusto y seguro que posibilita la implementaci\u00f3n modelos predictivos individualizados proporcionando las dosis \u00f3ptimas personalizadas. En la actualidad, la versi\u00f3n beta est\u00e1 disponible a nivel del CHUS, siendo utilizada principalmente en el campo antiinfeccioso, estando prevista su escalada a otros \u00e1mbitos terap\u00e9uticos en los pr\u00f3ximos meses, y su lanzamiento a nivel estatal en el 2024. As\u00ed, hasta ahora, &#8221; m\u00e1s de 100 pacientes ya se beneficiaron de las recomendaciones\u00a0De este modo, el\u00a0 software desarrollado\u00a0 permitir\u00e1\u00a0 implementar la recomendaci\u00f3n farmacocin\u00e9tica en todos los centros que no la hagan hoy en d\u00eda por la falta de herramientas vers\u00e1tiles e intuitivas y aumentar\u00e1 la cartera de Servicios de los que ya lo realizan, lo cual beneficiar\u00e1 enormemente a los pacientes.<\/p>\n<p>La concesi\u00f3n de este premio (6.000 euros) a la Unidad de Investigaci\u00f3n e Innovaci\u00f3n , reafirma la la apuesta del Servicio de Farmacia por la investigaci\u00f3n, y tal como indica su coordinador Anxo Fern\u00e1ndez Ferreiro \u201c este proyecto es un claro ejemplo de la \u00a0investigaci\u00f3n orientada al paciente y a la poblaci\u00f3n a trav\u00e9s de actividades de transferencia\u201d. Por su parte, la Jefa del Servicio de Framacia, Irene Zrra, abunda en esta apuesta y destaca la importancia de hacer investigaci\u00f3n en hospitales para encontrar &#8220;soluciones reales a los problemas de salud&#8221;.<\/p>\n<p>El actual proyecto, est\u00e1 enmarcado dentro del \u00e1mbito de la salud digital, una de las prioridades de Sanidad durante la Presidencia espa\u00f1ola del Consejo de la Uni\u00f3n Europea. La reuni\u00f3n de alto nivel de la E-Health Network (red europea de salud digital) celebrada en la \u00faltima semana de septiembre en Le\u00f3n ha dejado patentes las enormes oportunidades de la salud digital. De este modo, los miembros del equipo investigador, esperan que \u201cel actual premio sea solo un impulso para seguir trabajando con entusiasmo y perseverancia en proyectos que complementarios con os que pretendemos integrar t\u00e9cnicas de inteligencia artificial en el campo de la farmacocin\u00e9tica, estando en la actualidad buscando grupos y empresas con inter\u00e9s en la misma\u201d.<\/p>\n<p><strong>M\u00e1s informaci\u00f3n sobre el IDIS<\/strong><\/p>\n<p>El Instituto de Investigaci\u00f3n Sanitaria de Santiago de Compostela (IDIS) nace en 2008 fruto de la colaboraci\u00f3n entre el \u00c1rea Sanitaria de Santiago de Compostela y Barbanza (SERGAS) y la Universidad de Santiago de Compostela. Como eje de la investigaci\u00f3n sanitaria gallega, est\u00e1 acreditado por el Instituto de Salud Carlos III ya desde el 2010. Su objetivo es identificar y desenvolver nuevas soluciones que den respuesta a los problemas de salud de la sociedad. Con un equipo de 1.213 profesionales, 106 grupos de investigaci\u00f3n, 43,5 M\u20ac de fondos captados en el \u00faltimo a\u00f1o, el IDIS contribuye con su labor a incrementar el conocimiento de la salud y a la consolidaci\u00f3n de la innovaci\u00f3n en el sector sanitario.<\/p>\n","protected":false},"excerpt":{"rendered":"<p>El 68\u00ba Congreso Nacional de la Sociedad Espa\u00f1ola de Farmacia Hospitalaria (SEFH) celebrado en Bilbao, cerr\u00f3 su edici\u00f3n anual con la entrega del premio al mejor proyecto I+i, a la Unidad de Investigaci\u00f3n e Innovaci\u00f3n del Servicio de Farmacia del CHUS<\/p>\n","protected":false},"author":12,"featured_media":30651,"comment_status":"closed","ping_status":"closed","sticky":false,"template":"","format":"standard","meta":{"_et_pb_use_builder":"","_et_pb_old_content":"","_et_gb_content_width":"","inline_featured_image":false,"footnotes":""},"categories":[1,332,529],"tags":[],"class_list":["post-30657","post","type-post","status-publish","format-standard","has-post-thumbnail","hentry","category-noticias","category-carrusel-de-portada","category-carrusel-en-galego"],"publishpress_future_workflow_manual_trigger":{"enabledWorkflows":[]},"_links":{"self":[{"href":"https:\/\/www.idisantiago.es\/en\/wp-json\/wp\/v2\/posts\/30657","targetHints":{"allow":["GET"]}}],"collection":[{"href":"https:\/\/www.idisantiago.es\/en\/wp-json\/wp\/v2\/posts"}],"about":[{"href":"https:\/\/www.idisantiago.es\/en\/wp-json\/wp\/v2\/types\/post"}],"author":[{"embeddable":true,"href":"https:\/\/www.idisantiago.es\/en\/wp-json\/wp\/v2\/users\/12"}],"replies":[{"embeddable":true,"href":"https:\/\/www.idisantiago.es\/en\/wp-json\/wp\/v2\/comments?post=30657"}],"version-history":[{"count":2,"href":"https:\/\/www.idisantiago.es\/en\/wp-json\/wp\/v2\/posts\/30657\/revisions"}],"predecessor-version":[{"id":30661,"href":"https:\/\/www.idisantiago.es\/en\/wp-json\/wp\/v2\/posts\/30657\/revisions\/30661"}],"wp:featuredmedia":[{"embeddable":true,"href":"https:\/\/www.idisantiago.es\/en\/wp-json\/wp\/v2\/media\/30651"}],"wp:attachment":[{"href":"https:\/\/www.idisantiago.es\/en\/wp-json\/wp\/v2\/media?parent=30657"}],"wp:term":[{"taxonomy":"category","embeddable":true,"href":"https:\/\/www.idisantiago.es\/en\/wp-json\/wp\/v2\/categories?post=30657"},{"taxonomy":"post_tag","embeddable":true,"href":"https:\/\/www.idisantiago.es\/en\/wp-json\/wp\/v2\/tags?post=30657"}],"curies":[{"name":"wp","href":"https:\/\/api.w.org\/{rel}","templated":true}]}}