{"id":34087,"date":"2024-05-15T13:45:53","date_gmt":"2024-05-15T11:45:53","guid":{"rendered":"https:\/\/www.idisantiago.es\/?p=34087"},"modified":"2024-05-15T14:15:55","modified_gmt":"2024-05-15T12:15:55","slug":"la-exposicion-al-humo-ambiental-del-tabaco-causo-casi-5-000-muertes-en-espana-y-280-en-galicia","status":"publish","type":"post","link":"https:\/\/www.idisantiago.es\/en\/la-exposicion-al-humo-ambiental-del-tabaco-causo-casi-5-000-muertes-en-espana-y-280-en-galicia\/","title":{"rendered":"La exposici\u00f3n al humo ambiental del tabaco caus\u00f3 casi 5.000 muertes en Espa\u00f1a y 280 en Galicia"},"content":{"rendered":"<p>Diana Carolina L\u00f3pez Medina defendi\u00f3 su tesis dirigida por investigadoras del IDIS que expone los fallecimientos por c\u00e1ncer de pulm\u00f3n y cardiopat\u00eda isqu\u00e9mica asociados al humo de tabaco<\/p>\n<p><strong>Santiago de Compostela, 15 de mayo de 2024.-<\/strong> La cifra de muertes atribuidas a la exposici\u00f3n del humo del tabaco es relevante en Espa\u00f1a. La investigadora Diana Carolina L\u00f3pez Medina defendi\u00f3 su tesis doctoral titulada \u201cCarga de mortalidad atribuida a la exposici\u00f3n al humo ambiental de tabaco en Espa\u00f1a: estimaciones y aportaciones metodol\u00f3gicas\u201d. El trabajo que ha sido dirigido por las doctoras del grupo de Epidemiolog\u00eda, Salud P\u00fablica y Evaluaci\u00f3n de Servicios de Salud del IDIS, M\u00f3nica P\u00e9rez R\u00edos y Mar\u00eda Leonor Varela Lema, cuenta con la financiaci\u00f3n del Instituto de Salud Carlos III gestionada por la FIDIS.<\/p>\n<p>La tesis se centra en el impacto de la exposici\u00f3n al humo ambiental del tabaco y sus consecuencias inmediatas y a largo plazo en la salud de la poblaci\u00f3n, un tema especialmente relevante dado los \u00faltimos avances legislativos que se enmarcan dentro del Plan Integral para la Prevenci\u00f3n y Control del Tabaquismo del Gobierno espa\u00f1ol. La tesis defendida pone de manifiesto la importancia del humo ambiental de tabaco como factor de riesgo para la salud, tanto a nivel mundial como en Espa\u00f1a.<\/p>\n<p><strong>Resultados<\/strong><\/p>\n<p>Hasta la realizaci\u00f3n de esta investigaci\u00f3n no se dispon\u00eda de estimaciones de mortalidad atribu\u00edda al humo ambiental de tabaco desagregada para las diferentes comunidades aut\u00f3nomas que forman Espa\u00f1a, objetiv\u00e1ndose la variabilidad existente que sit\u00faa a Andaluc\u00eda como la Comunidad Aut\u00f3noma en la que la carga es mayor. Esto aporta informaci\u00f3n importante para direccionar las estrategias de salud p\u00fablica y legislativas en cada zona geogr\u00e1fica de Espa\u00f1a.<\/p>\n<p>En relaci\u00f3n con las estimaciones de la mortalidad atribuida (MA) al humo ambiental de tabaco (HAT) en Espa\u00f1a, y asociado a un descenso en la prevalencia de exposici\u00f3n desde el a\u00f1o 2006; se objetiv\u00f3 un descenso en las estimaciones de MA a la exposici\u00f3n al humo ambiental de tabaco. En 2020 se estim\u00f3 que la exposici\u00f3n al HAT produjo en Espa\u00f1a 747 muertes. Adem\u00e1s, en 2020 en Espa\u00f1a la muerte de un no fumador asociada a la exposici\u00f3n al HAT se relacionaba a la existencia de 400 fumadores.<\/p>\n<p>En el periodo 2016-2021 la exposici\u00f3n al humo ambiental del tabaco produjo en Espa\u00f1a 4.970 muertes asociadas al c\u00e1ncer de pulm\u00f3n y a la cardiopat\u00eda isqu\u00e9mica y un total de 280 en Galicia. La carga var\u00eda entre comunidades aut\u00f3nomas, siendo Andaluc\u00eda la m\u00e1s perjudicada, mientras que en Madrid fue menor. En Espa\u00f1a, la carga de mortalidad atribuida al HAT no es despreciable y es totalmente evitable, lo que refuerza la necesidad de seguir avanzando en pol\u00edticas de control de tabaquismo que protejan de forma integral a la poblaci\u00f3n.<\/p>\n","protected":false},"excerpt":{"rendered":"<p>Diana Carolina L\u00f3pez Medina defendi\u00f3 su tesis dirigida por investigadoras del IDIS que expone los fallecimientos por c\u00e1ncer de pulm\u00f3n y cardiopat\u00eda isqu\u00e9mica asociados al humo de tabaco<\/p>\n","protected":false},"author":14,"featured_media":34084,"comment_status":"closed","ping_status":"closed","sticky":false,"template":"","format":"standard","meta":{"_et_pb_use_builder":"","_et_pb_old_content":"","_et_gb_content_width":"","inline_featured_image":false,"footnotes":""},"categories":[1,111,529],"tags":[],"class_list":["post-34087","post","type-post","status-publish","format-standard","has-post-thumbnail","hentry","category-noticias","category-tesis","category-carrusel-en-galego"],"publishpress_future_workflow_manual_trigger":{"enabledWorkflows":[]},"_links":{"self":[{"href":"https:\/\/www.idisantiago.es\/en\/wp-json\/wp\/v2\/posts\/34087","targetHints":{"allow":["GET"]}}],"collection":[{"href":"https:\/\/www.idisantiago.es\/en\/wp-json\/wp\/v2\/posts"}],"about":[{"href":"https:\/\/www.idisantiago.es\/en\/wp-json\/wp\/v2\/types\/post"}],"author":[{"embeddable":true,"href":"https:\/\/www.idisantiago.es\/en\/wp-json\/wp\/v2\/users\/14"}],"replies":[{"embeddable":true,"href":"https:\/\/www.idisantiago.es\/en\/wp-json\/wp\/v2\/comments?post=34087"}],"version-history":[{"count":1,"href":"https:\/\/www.idisantiago.es\/en\/wp-json\/wp\/v2\/posts\/34087\/revisions"}],"predecessor-version":[{"id":34088,"href":"https:\/\/www.idisantiago.es\/en\/wp-json\/wp\/v2\/posts\/34087\/revisions\/34088"}],"wp:featuredmedia":[{"embeddable":true,"href":"https:\/\/www.idisantiago.es\/en\/wp-json\/wp\/v2\/media\/34084"}],"wp:attachment":[{"href":"https:\/\/www.idisantiago.es\/en\/wp-json\/wp\/v2\/media?parent=34087"}],"wp:term":[{"taxonomy":"category","embeddable":true,"href":"https:\/\/www.idisantiago.es\/en\/wp-json\/wp\/v2\/categories?post=34087"},{"taxonomy":"post_tag","embeddable":true,"href":"https:\/\/www.idisantiago.es\/en\/wp-json\/wp\/v2\/tags?post=34087"}],"curies":[{"name":"wp","href":"https:\/\/api.w.org\/{rel}","templated":true}]}}