{"id":35171,"date":"2024-09-06T12:36:43","date_gmt":"2024-09-06T10:36:43","guid":{"rendered":"https:\/\/www.idisantiago.es\/?p=35171"},"modified":"2024-09-27T14:20:36","modified_gmt":"2024-09-27T12:20:36","slug":"sensogenoma-2024-muestra-el-efecto-compensatorio-de-la-musica-en-enfermedades-neurodegenerativas","status":"publish","type":"post","link":"https:\/\/www.idisantiago.es\/en\/sensogenoma-2024-muestra-el-efecto-compensatorio-de-la-musica-en-enfermedades-neurodegenerativas\/","title":{"rendered":"\u2018Sensogenoma 2024\u2019 muestra el efecto compensatorio de la m\u00fasica en enfermedades neurodegenerativas"},"content":{"rendered":"<div class=\"textboxes\">\n<div class=\"col_b\">\n<div class=\"textbox\">\n<div id=\"contenedor\" class=\"textarea unknown\">\n<p><strong>Santiago de Compostela, 5 de septiembre de 2024.-<\/strong> La m\u00fasica y la investigaci\u00f3n sanitaria regresan un a\u00f1o m\u00e1s con el proyecto Sensogenoma 2024. El anfiteatro del IDIS acogi\u00f3 la presentaci\u00f3n de los resultados de la investigaci\u00f3n liderada por el \u00e1rea de Infectolog\u00eda, Inflamaci\u00f3n y Vacunas \u00a0del IDIS (grupos GenPoB y GenViP), en colaboraci\u00f3n con la Real Filharmon\u00eda de Galicia y la Federaci\u00f3n Gallega de Alzh\u00e9imer (AGADEA), entre otras asociaciones. Entre las novedades de esta edici\u00f3n, habr\u00e1 una colaboraci\u00f3n especial con la Banda Municipal de Santiago de Compostela y el repertorio musical estar\u00e1 enfocado en la m\u00fasica del cine.<\/p>\n<p>Los promotores del proyecto e investigadores, Laura Navarro, Federico Martin\u00f3n y Antonio Salas fueron los encargados de presentar los resultados. Seg\u00fan los doctores, este estudio analiz\u00f3 el universo de mol\u00e9culas que se expresan a partir del ADN de una persona como responde a un est\u00edmulo musical, lo que se conoce como el transcriptoma. Los primeros datos analizados mostraron el efecto compensatorio de la m\u00fasica en los enfermos de Alzheimer y otras demencias.<\/p>\n<p>Uno de los hallazgos ma\u0301s relevantes corrobora la tesis de los resultados presentados el a\u00f1o pasado. \u201cLa mu\u0301sica parece compensar la expresio\u0301n de genes y v\u00edas que esta\u0301n disfuncionales en los pacientes con deterioro cognitivo, sugiriendo un efecto beneficioso en la salud cerebral\u201d, se\u00f1al\u00f3 el investigador del IDIS, el Dr. Antonio Salas.<\/p>\n<p>A trav\u00e9s de la recogida de muestras biol\u00f3gicas antes, durante y despu\u00e9s de conciertos musicales, el proyecto Sensogenoma, pretende estudiar el impacto de la m\u00fasica en distintas patolog\u00edas, como el alzh\u00e9imer o el autismo. Para eso llevan a cabo una serie de conciertos musicales experimentales &#8220;para investigar las bases gen\u00e9ticas del est\u00edmulo musical y estudiar su potencial terap\u00e9utico en la lucha contra la enfermedad, en l\u00ednea con las nuevas tendencias hacia la medicina personalizada&#8221;, se\u00f1alan los investigadores.<\/p>\n<p><strong>Recogida de muestras<\/strong><\/p>\n<p>Adem\u00e1s de la muestra de sangre y de saliva, este a\u00f1o se tomar\u00e1n muestras de l\u00e1grimas, y se usar\u00e1n 200 sensores inala\u0301mbricos gracias a una colaboraci\u00f3n con la facultad de Psicolog\u00eda de la Universidade do Minho. \u201cA trave\u0301s de los sensores que llevar\u00e1n los donantes en sus manos durante el concierto podremos monitorizar la actividad electrode\u0301rmica y el ritmo cardiaco, un nuevo evento musical experimental jam\u00e1s realizado\u201d, explicaba Antonio Salas. La recogida se har\u00e1 gracias a la colaboraci\u00f3n de 200 donantes voluntarios y mayores de 18 a\u00f1os que ya pueden reservar plaza en la web de Sensogenomics.<\/p>\n<p>\u201cLos resultados son sorprendentes y esperanzadores, y apuntan a que la mu\u0301sica, una vez procesada de manera holi\u0301stica por las principales a\u0301reas anato\u0301mico del ence\u0301falo, es un esti\u0301mulo activador de elementos importantes de la respuesta inmune, cuyo eco resuena en la cavidad bucal (saliva) de los donantes. Nos satisface pensar que estos estudios podr\u00edan guiarnos en la bu\u0301squeda de rutas y dianas terape\u0301uticas en la enfermedad\u201d, se\u00f1alaron los investigadores.<\/p>\n<p>En esta edicio\u0301n, igual que en las anteriores, se recoger\u00e1n muestras de personas con enfermedades neurodegenerativas y con da\u00f1o cerebral, gracias a la colaboracio\u0301n con Agadea, Sarela y el Servicio de Neurolog\u00eda del Hospital Cli\u0301nico Universitario de Santiago de Compostela.<\/p>\n<p><strong>M\u00fasica, cine e investigaci\u00f3n<\/strong><\/p>\n<p>Por primera vez en el proyecto, Sensogenoma 2024 contar\u00e1 con la intervencio\u0301n y colaboracio\u0301n de la Banda de Mu\u0301sica de Santiago de Compostela. Se trata de un concierto experimental \u00fanico en la historia que se celebrar\u00e1 el 27 de septiembre y que tendr\u00e1 dos partes musicales de 30 minutos en las que se recoger\u00e1n las muestras de donantes voluntarios antes, durante y despu\u00e9s del concierto para poder comparar los resultados de dos impulsos musicales.<\/p>\n<p>Esta nueva edicio\u0301n presenta muchas novedades, \u201cel repertorio del concierto esta\u0301 dedicado a la mu\u0301sica de cine y asociado a dos emociones diferentes, para poder estudiar el efecto de la mu\u0301sica en nuestra biolog\u00eda humana, desde la expresio\u0301n de nuestros genes hasta la psicofisiolog\u00eda\u201d, indic\u00f3 la investigadora y music\u00f3loga Laura Navarro.<\/p>\n<p><span style=\"color: #808080;\"><strong>M\u00e1s informaci\u00f3n sobre el IDIS <\/strong><\/span><\/p>\n<p><span style=\"color: #808080;\">El Instituto de Investigaci\u00f3n Sanitaria de Santiago de Compostela (IDIS) nace en 2008 fruto de la colaboraci\u00f3n entre el \u00c1rea Sanitaria de Santiago de Compostela y Barbanza (SERGAS) y la Universidad de Santiago de Compostela. Como eje de la investigaci\u00f3n sanitaria gallega, est\u00e1 acreditado por el Instituto de Salud Carlos III ya desde el 2010. Su objetivo es identificar y desenvolver nuevas soluciones que den respuesta a los problemas de salud de la sociedad. Con un equipo de 1338 investigadores, 105 grupos de investigaci\u00f3n, 50 M\u20ac de fondos captados en el \u00faltimo a\u00f1o, el IDIS contribuye con su labor a incrementar el conocimiento de la salud y a la consolidaci\u00f3n de la innovaci\u00f3n en el sector sanitario.<\/span><\/p>\n<p>&nbsp;<\/p>\n<p>&nbsp;<\/p>\n<\/div>\n<\/div>\n<\/div>\n<\/div>\n<div class=\"buttons\">\n<div class=\"col_a\"><\/div>\n<\/div>\n<p>&nbsp;<\/p>\n","protected":false},"excerpt":{"rendered":"<p>El repertorio musical de esta nueva edici\u00f3n rinde homenaje a las bandas sonoras del cine. Ser\u00e1 el 27 de septiembre en el Auditorio de Galicia<\/p>\n","protected":false},"author":12,"featured_media":35664,"comment_status":"closed","ping_status":"closed","sticky":false,"template":"","format":"standard","meta":{"_et_pb_use_builder":"","_et_pb_old_content":"","_et_gb_content_width":"","inline_featured_image":false,"footnotes":""},"categories":[1,332],"tags":[],"class_list":["post-35171","post","type-post","status-publish","format-standard","has-post-thumbnail","hentry","category-noticias","category-carrusel-de-portada"],"publishpress_future_workflow_manual_trigger":{"enabledWorkflows":[]},"_links":{"self":[{"href":"https:\/\/www.idisantiago.es\/en\/wp-json\/wp\/v2\/posts\/35171","targetHints":{"allow":["GET"]}}],"collection":[{"href":"https:\/\/www.idisantiago.es\/en\/wp-json\/wp\/v2\/posts"}],"about":[{"href":"https:\/\/www.idisantiago.es\/en\/wp-json\/wp\/v2\/types\/post"}],"author":[{"embeddable":true,"href":"https:\/\/www.idisantiago.es\/en\/wp-json\/wp\/v2\/users\/12"}],"replies":[{"embeddable":true,"href":"https:\/\/www.idisantiago.es\/en\/wp-json\/wp\/v2\/comments?post=35171"}],"version-history":[{"count":3,"href":"https:\/\/www.idisantiago.es\/en\/wp-json\/wp\/v2\/posts\/35171\/revisions"}],"predecessor-version":[{"id":36278,"href":"https:\/\/www.idisantiago.es\/en\/wp-json\/wp\/v2\/posts\/35171\/revisions\/36278"}],"wp:featuredmedia":[{"embeddable":true,"href":"https:\/\/www.idisantiago.es\/en\/wp-json\/wp\/v2\/media\/35664"}],"wp:attachment":[{"href":"https:\/\/www.idisantiago.es\/en\/wp-json\/wp\/v2\/media?parent=35171"}],"wp:term":[{"taxonomy":"category","embeddable":true,"href":"https:\/\/www.idisantiago.es\/en\/wp-json\/wp\/v2\/categories?post=35171"},{"taxonomy":"post_tag","embeddable":true,"href":"https:\/\/www.idisantiago.es\/en\/wp-json\/wp\/v2\/tags?post=35171"}],"curies":[{"name":"wp","href":"https:\/\/api.w.org\/{rel}","templated":true}]}}