{"id":375,"date":"2018-08-14T08:45:31","date_gmt":"2018-08-14T07:45:31","guid":{"rendered":"http:\/\/ramon3.imaisd.es\/?p=375"},"modified":"2020-03-03T13:00:38","modified_gmt":"2020-03-03T12:00:38","slug":"curso-webinar-de-ecografia-oftalmologica-2018","status":"publish","type":"post","link":"https:\/\/www.idisantiago.es\/en\/curso-webinar-de-ecografia-oftalmologica-2018\/","title":{"rendered":"Curso-webinar de Ecograf\u00eda Oftalmol\u00f3gica 2018"},"content":{"rendered":"<p>La Fundaci\u00f3n Instituto de Investigaci\u00f3n Sanitaria de Santiago de Compostela (FIDIS),\u00a0con la coordinaci\u00f3n del Dr. Antonio Pi\u00f1eiro, organiza el \u201cCurso-webinar de Ecograf\u00eda Oftalmol\u00f3gica\u201d que tendr\u00e1 lugar del 10 de septiembre al 8 de octubre pr\u00f3ximo\u00a0en modalidad online.<\/p>\n<p>El curso\u00a0est\u00e1 orientada a actualizar el conocimiento de las caracter\u00edsticas, ventajas e indicaciones de prueba de\u00a0diagn\u00f3stico por imagen de la\u00a0Ecograf\u00eda Oftalmol\u00f3gica; y a adquirir pr\u00e1ctica con diferentes\u00a0sondas para estudio ecogr\u00e1fico\u00a0espec\u00edfico del globo ocular y la\u00a0\u00f3rbita.<\/p>\n<p>El curso est\u00e1 acreditado con 0,8 cr\u00e9ditos v\u00e1lidos para todo el territorio espa\u00f1ol.<\/p>\n<p>Abierto plazo de inscripci\u00f3n a trav\u00e9s de <a href=\"https:\/\/form.jotformeu.com\/81501514484351\" target=\"_blank\" rel=\"noopener\">este formulario<\/a>. M\u00e1s informaci\u00f3n en el tel\u00e9fono 981 951 195 \u00f3 <a href=\"mailto:cursos.fidis@sergas.es\">cursos.fidis@sergas.es<\/a><\/p>\n<p>[vc_btn title=&#8221;Programa completo&#8221; color=&#8221;primary&#8221; align=&#8221;center&#8221; link=&#8221;url:http<del>%3A%2F%2Framon3<\/del>.<del>imaisd<\/del>.es<del>%2Fwp<\/del>-content<del>%2Fuploads%2F2018%2F08%2FCurso<\/del>-Webinar-<del>Ecograf%C3%ADa<\/del>&#8211;<del>Oftalmol%C3%B3gica<\/del>&#8211;<del>2018_<\/del>.pdf||target:%20_blank|&#8221; el_class=&#8221;spin-off-button&#8221;]<\/p>\n","protected":false},"excerpt":{"rendered":"<p>La Fundaci\u00f3n Instituto de Investigaci\u00f3n Sanitaria de Santiago de Compostela (FIDIS),\u00a0con la coordinaci\u00f3n del Dr. Antonio Pi\u00f1eiro, organiza el \u201cCurso-webinar de Ecograf\u00eda Oftalmol\u00f3gica\u201d que tendr\u00e1 lugar del 10 de septiembre [&hellip;]<\/p>\n","protected":false},"author":6,"featured_media":377,"comment_status":"closed","ping_status":"open","sticky":false,"template":"","format":"standard","meta":{"_et_pb_use_builder":"","_et_pb_old_content":"","_et_gb_content_width":"","inline_featured_image":false,"footnotes":""},"categories":[1],"tags":[],"class_list":["post-375","post","type-post","status-publish","format-standard","has-post-thumbnail","hentry","category-noticias"],"publishpress_future_workflow_manual_trigger":{"enabledWorkflows":[]},"_links":{"self":[{"href":"https:\/\/www.idisantiago.es\/en\/wp-json\/wp\/v2\/posts\/375","targetHints":{"allow":["GET"]}}],"collection":[{"href":"https:\/\/www.idisantiago.es\/en\/wp-json\/wp\/v2\/posts"}],"about":[{"href":"https:\/\/www.idisantiago.es\/en\/wp-json\/wp\/v2\/types\/post"}],"author":[{"embeddable":true,"href":"https:\/\/www.idisantiago.es\/en\/wp-json\/wp\/v2\/users\/6"}],"replies":[{"embeddable":true,"href":"https:\/\/www.idisantiago.es\/en\/wp-json\/wp\/v2\/comments?post=375"}],"version-history":[{"count":15,"href":"https:\/\/www.idisantiago.es\/en\/wp-json\/wp\/v2\/posts\/375\/revisions"}],"predecessor-version":[{"id":1437,"href":"https:\/\/www.idisantiago.es\/en\/wp-json\/wp\/v2\/posts\/375\/revisions\/1437"}],"wp:featuredmedia":[{"embeddable":true,"href":"https:\/\/www.idisantiago.es\/en\/wp-json\/wp\/v2\/media\/377"}],"wp:attachment":[{"href":"https:\/\/www.idisantiago.es\/en\/wp-json\/wp\/v2\/media?parent=375"}],"wp:term":[{"taxonomy":"category","embeddable":true,"href":"https:\/\/www.idisantiago.es\/en\/wp-json\/wp\/v2\/categories?post=375"},{"taxonomy":"post_tag","embeddable":true,"href":"https:\/\/www.idisantiago.es\/en\/wp-json\/wp\/v2\/tags?post=375"}],"curies":[{"name":"wp","href":"https:\/\/api.w.org\/{rel}","templated":true}]}}