{"id":38257,"date":"2025-01-28T11:38:03","date_gmt":"2025-01-28T10:38:03","guid":{"rendered":"https:\/\/www.idisantiago.es\/?p=38257"},"modified":"2025-01-28T11:41:48","modified_gmt":"2025-01-28T10:41:48","slug":"dos-investigadoras-del-idis-han-participado-en-la-i-jornada-periodismo-y-obesidad-organizada-por-la-seedo-en-cuenca","status":"publish","type":"post","link":"https:\/\/www.idisantiago.es\/en\/dos-investigadoras-del-idis-han-participado-en-la-i-jornada-periodismo-y-obesidad-organizada-por-la-seedo-en-cuenca\/","title":{"rendered":"Dos investigadoras del IDIS han participado en la I Jornada \u2018Periodismo y Obesidad\u2019 organizada por la SEEDO en Cuenca"},"content":{"rendered":"<p><strong>Santiago de Compostela, 27 de enero de 2025.- <\/strong>Ana Bel\u00e9n Crujeiras Mart\u00ednez, l\u00edder del grupo de Epigen\u00f3mica en Endocrinolog\u00eda y Nutrici\u00f3n del Instituto de Investigaci\u00f3n Sanitaria de Santiago (IDIS), y Luisa Mar\u00eda Seoane Camino, de Fisiopatolog\u00eda Endocrina, participaron en la I Jornada de \u2018Periodismo y Obesidad\u2019, organizada por la Sociedad Espa\u00f1ola de Obesidad (SEEDO) de la que ambas son vocales. El seminario, reuni\u00f3 en Cuenca a profesionales de la comunicaci\u00f3n de medios de referencia de Espa\u00f1a y a expertos en obesidad, con el objetivo de revisar tanto los retos como las oportunidades que se abren actualmente en la prevenci\u00f3n y manejo de la obesidad, as\u00ed como tratar de mejorar la comunicaci\u00f3n en este \u00e1mbito.<br \/>\nLa obesidad, presente en aproximadamente 1 de cada 5 adultos y 1 de cada 10 ni\u00f1os\/adolescentes en Espa\u00f1a, es una enfermedad infradiagnosticada y minusvalorada por la sociedad, as\u00ed como por gran parte de los profesionales sanitarios. En muchos casos, esto se debe a la asunci\u00f3n generalizada de ideas y mitos err\u00f3neos en torno a este problema de salud, una enfermedad cr\u00f3nica y multifactorial capaz de ocasionar y desencadenar m\u00e1s de 200 patolog\u00edas cl\u00ednicas, que comporta consecuencias negativas a nivel laboral y social, y que, adem\u00e1s, reduce significativamente la esperanza de vida.<br \/>\nDesde la SEEDO consideran que los medios de comunicacio\u0301n juegan un papel clave en la percepci\u00f3n de la ciudadan\u00eda sobre la obesidad, su prevalencia y su tratamiento. En algunas ocasiones, se publica informaci\u00f3n incorrecta y\/o que incluye un lenguaje inapropiado, lo que no s\u00f3lo puede arrojar una visi\u00f3n err\u00f3nea sobre la obesidad, sino que tambi\u00e9n puede perpetuar o incrementar el estigma social que acarrea esta enfermedad.<\/p>\n<p><strong>Ponencia de Ana Bel\u00e9n Crujeiras<\/strong><br \/>\nPor ello han organizado esta jornada en la que diversos expertos han revisado los retos y avances que acechan esta enfermedad y c\u00f3mo comunicarlos adecuadamente. Entre las<br \/>\nponentes ha estado la l\u00edder del grupo de Epigen\u00f3mica en Endocrinolog\u00eda y Nutrici\u00f3n del IDIS. Ana Bel\u00e9n Crujeiras incidi\u00f3 en que los avances en el abordaje de la obesidad proceden de los progresos en investigaci\u00f3n. De hecho, los nuevos f\u00e1rmacos antiobesidad \u201cno han surgido por arte de magia sino, gracias a muchos a\u00f1os de investigaci\u00f3n en la fisiopatolog\u00eda de esta enfermedad\u201d, asegur\u00f3 la Dra. Crujeiras, para quien \u201cla investigaci\u00f3n cient\u00edfica en obesidad es clave para poder entender y abordar esta epidemia global\u201d.<br \/>\nGracias a la investigaci\u00f3n \u201ctenemos las claves para definir la obesidad como enfermedad, diagnosticarla con precisi\u00f3n y prescribir una terapia personalizada. [\u2026] La investigaci\u00f3n<br \/>\ncient\u00edfica nos aporta biomarcadores diagn\u00f3sticos y tambi\u00e9n dianas terap\u00e9uticas\u201d, asegur\u00f3 la investigadora del IDIS.<br \/>\nEn la obesidad hay una disfunci\u00f3n del sistema de regulaci\u00f3n del apetito y el equilibrio energ\u00e9tico a nivel cerebral, un trastorno sobre el que inciden los f\u00e1rmacos actuales. Pero se observan tambi\u00e9n disfunciones del tejido adiposo (que secreta prote\u00ednas importantes para la salud denominadas adipoquinas) y del m\u00fasculo (que es tambi\u00e9n un \u00f3rgano, que secreta unas prote\u00ednas llamadas mioquinas). La disfunci\u00f3n de estos dos \u00f3rganos conduce a un estado de inflamaci\u00f3n cr\u00f3nico de bajo grado y estr\u00e9s oxidativo, lo que podr\u00eda ser el nexo entre la obesidad y las enfermedades asociadas (como la diabetes, enfermedad cardiovascular y algunos tipos de c\u00e1ncer, entre otras).<br \/>\nLas investigaciones actuales van tambi\u00e9n dirigidas a estas disfunciones perif\u00e9ricas, favoreciendo, por ejemplo, la termog\u00e9nesis mediante procesos de \u2018pardeamiento\u2019 del tejido<br \/>\nadiposo. Los s\u00edntomas y signos caracter\u00edsticos de la obesidad se manifiestan como un exceso de tejido adiposo. Sin embargo, la evidencia cient\u00edfica sugiere que no es igual todo el tejido adiposo (blanco, pardo); existen diferentes tipos de tejido adiposo y tambi\u00e9n es importante su localizaci\u00f3n (visceral, subcut\u00e1neo).<br \/>\nPor otro lado, y para poder definir los distintos tipos de obesidad, la investigaci\u00f3n cient\u00edfica est\u00e1 trabajando en identificar biomarcadores de diagn\u00f3stico m\u00e1s precisos, ayud\u00e1ndose para ello de las t\u00e9cnicas \u00f3micas, entre las que se encuentra la gen\u00f3mica, la epigen\u00f3mica, la prote\u00f3mica y la metagen\u00f3mica. Estos recursos, junto con las herramientas de valoraci\u00f3n morfofuncional y el perfil bioqu\u00edmico, \u201cnos permitir\u00e1n mejorar el diagn\u00f3stico, la respuesta al tratamiento e incluso predecir el riesgo y mejorar la prevenci\u00f3n de esta enfermedad y sus enfermedades asociadas\u201d, afirma la Dra. Crujeiras, que considera que \u201cestas investigaciones tambi\u00e9n est\u00e1n ayudando a esclarecer las causas de la obesidad\u201d.<br \/>\nAdem\u00e1s de la investigadora del IDIS, han participado en la jornada muchas otras personas expertas, como Mar\u00eda del Mar Malag\u00f3n y Diego Bellido, presidenta actual y presidente electo de SEEDO; la Dra. Lilliam Flores, de la Unidad del Obesidad del Hospital Cl\u00ednic de Barcelona; la Dra. Andreea Ciudin, de la Unidad de Tratamiento Integral de la Obesidad del Servicio de Endocrinolog\u00eda y Nutrici\u00f3n del Hospital Universitario Vall de Hebr\u00f3n, o el Dr. Crist\u00f3bal Morales, de la Unidad Salud Metab\u00f3lica, Diabetes y Obesidad Hospital Vithas Sevilla, entre otras.<\/p>\n","protected":false},"excerpt":{"rendered":"<p>Ana Bel\u00e9n Crujeiras Mart\u00ednez, l\u00edder del grupo de Epigen\u00f3mica en Endocrinolog\u00eda y Nutrici\u00f3n del Instituto de Investigaci\u00f3n Sanitaria de Santiago (IDIS), y Luisa Mar\u00eda Seoane Camino, de Fisiopatolog\u00eda Endocrina, participaron en la I Jornada de \u2018Periodismo y Obesidad\u2019, organizada por la Sociedad Espa\u00f1ola de Obesidad (SEEDO) de la que ambas son vocales.<\/p>\n","protected":false},"author":14,"featured_media":38254,"comment_status":"closed","ping_status":"closed","sticky":false,"template":"","format":"standard","meta":{"_et_pb_use_builder":"","_et_pb_old_content":"","_et_gb_content_width":"","inline_featured_image":false,"footnotes":""},"categories":[1,332,529],"tags":[],"class_list":["post-38257","post","type-post","status-publish","format-standard","has-post-thumbnail","hentry","category-noticias","category-carrusel-de-portada","category-carrusel-en-galego"],"publishpress_future_workflow_manual_trigger":{"enabledWorkflows":[]},"_links":{"self":[{"href":"https:\/\/www.idisantiago.es\/en\/wp-json\/wp\/v2\/posts\/38257","targetHints":{"allow":["GET"]}}],"collection":[{"href":"https:\/\/www.idisantiago.es\/en\/wp-json\/wp\/v2\/posts"}],"about":[{"href":"https:\/\/www.idisantiago.es\/en\/wp-json\/wp\/v2\/types\/post"}],"author":[{"embeddable":true,"href":"https:\/\/www.idisantiago.es\/en\/wp-json\/wp\/v2\/users\/14"}],"replies":[{"embeddable":true,"href":"https:\/\/www.idisantiago.es\/en\/wp-json\/wp\/v2\/comments?post=38257"}],"version-history":[{"count":3,"href":"https:\/\/www.idisantiago.es\/en\/wp-json\/wp\/v2\/posts\/38257\/revisions"}],"predecessor-version":[{"id":38261,"href":"https:\/\/www.idisantiago.es\/en\/wp-json\/wp\/v2\/posts\/38257\/revisions\/38261"}],"wp:featuredmedia":[{"embeddable":true,"href":"https:\/\/www.idisantiago.es\/en\/wp-json\/wp\/v2\/media\/38254"}],"wp:attachment":[{"href":"https:\/\/www.idisantiago.es\/en\/wp-json\/wp\/v2\/media?parent=38257"}],"wp:term":[{"taxonomy":"category","embeddable":true,"href":"https:\/\/www.idisantiago.es\/en\/wp-json\/wp\/v2\/categories?post=38257"},{"taxonomy":"post_tag","embeddable":true,"href":"https:\/\/www.idisantiago.es\/en\/wp-json\/wp\/v2\/tags?post=38257"}],"curies":[{"name":"wp","href":"https:\/\/api.w.org\/{rel}","templated":true}]}}