{"id":38366,"date":"2025-02-05T09:39:34","date_gmt":"2025-02-05T08:39:34","guid":{"rendered":"https:\/\/www.idisantiago.es\/?p=38366"},"modified":"2025-02-05T13:10:12","modified_gmt":"2025-02-05T12:10:12","slug":"dos-investigadores-del-idis-galardonados-por-su-trayectoria-emergente-en-los-premios-de-investigacion-en-salud-transfronterizos","status":"publish","type":"post","link":"https:\/\/www.idisantiago.es\/en\/dos-investigadores-del-idis-galardonados-por-su-trayectoria-emergente-en-los-premios-de-investigacion-en-salud-transfronterizos\/","title":{"rendered":"Dos investigadores del IDIS galardonados por su &#8216;Trayectoria Emergente&#8217; en los Premios de Investigaci\u00f3n en Salud Transfronterizos"},"content":{"rendered":"<p><strong>Santiago de Compostela, 05 de febrero de 2025.-\u00a0<\/strong><em>Anxo Fern\u00e1ndez Ferreiro,<\/em> del grupo FarmaCHUSLab del IDIS recibi\u00f3 el primer premio en la modalidad Trayectorias Emergentes de investigaci\u00f3n en Salud, cuyo segundo galard\u00f3n fue para <em>Alana Arag\u00f3n Herrera<\/em>, del grupo Cardiolog\u00eda Celular y Molecular del IDIS.<\/p>\n<p>Ambos recogieron sus premios el pasado viernes, 31 de enero, en el Hospital \u00c1lvaro Cunqueiro de Vigo, lugar elegido para la entrega de esta primera edici\u00f3n de los Premios de Investigaci\u00f3n en Salud Transfronterizos Galicia-Norte de Portugal convocados por el Servicio Gallego de Salud y la Agencia Gallega de Conocimiento en Salud (ACIS) y destinados a visibilizar la valiosa colaboraci\u00f3n sanitaria entre la comunidad gallega y el pa\u00eds luso.<\/p>\n<p>En el acto estuvieron presentes la directora de la FIDIS, Isabel Lista, y la directora cient\u00edfica del IDIS, Mar\u00eda Luz Couce, junto a diversas autoridades del \u00e1mbito pol\u00edtico y sanitario de Galicia y Portugal, como la representante del Secretariado de la Uni\u00e3o de las Miseric\u00f3rdias Portuguesas, Mar\u00eda Am\u00e9lia Ferreira; el gerente de la Agencia Gallega de Conocimiento en Salud (ACIS), Antonio Fern\u00e1ndez-Campa y el conselleiro de Sanidad, Antonio G\u00f3mez Caama\u00f1o.<\/p>\n<p><strong>Premios para farmacia y enfermedades cardiovasculares y metab\u00f3licas<\/strong><\/p>\n<p>Anxo Fern\u00e1ndez, coordinador de la Unidad de Investigaci\u00f3n e Innovaci\u00f3n del Servicio de Farmacia del \u00c1rea Sanitaria de Santiago y Barbanza, recibi\u00f3 el primer premio en Trayectorias Emergentes de investigaci\u00f3n en Salud por sus aportaciones innovadoras en el \u00e1mbito farmac\u00e9utico.<\/p>\n<p>&#8220;Este premio no es solo un reconocimiento personal, sino el reflejo del trabajo en equipo, del esfuerzo conjunto y de la dedicaci\u00f3n de tantas personas con las que tuve el privilegio de colaborar&#8221;, ha asegurado el premiado, quien ha agradecido especialmente a sus &#8220;compa\u00f1eros de FarmaCHUSLab y de la Unidad de Investigaci\u00f3n e Innovaci\u00f3n del Servicio de Farmacia, que fueron una fuente constante de inspiraci\u00f3n y aprendizaje. Su apoyo fue fundamental en cada paso del camino&#8221;.<\/p>\n<p>Asimismo, Anxo Fern\u00e1ndez expres\u00f3 su &#8220;profundo agradecimiento a la FIDIS, al Instituto de Investigaci\u00f3n Sanitaria de Santiago de Compostela, y al Hospital Cl\u00ednico Universitario de Santiago por su apuesta y oportunidades brindadas durante estos a\u00f1os. Su apoyo fue clave para el desarrollo de nuestra labor investigadora&#8221;. Y no olvid\u00f3 a sus compa\u00f1eros finalistas, cuyo &#8220;trabajo, esfuerzo y dedicaci\u00f3n son igualmente dignos de reconocimiento, y estoy seguro de que cada uno de ellos podr\u00eda haber sido un ganador m\u00e1s que merecido&#8221;.<\/p>\n<p>Alana Arag\u00f3n Herrera, investigadora postdoctoral Sara Borrell del grupo de Cardiolog\u00eda Celular y Molecular del IDIS, fue la ganadora del segundo premio en la misma categor\u00eda por sus investigaciones sobre las enfermedades cardiovasculares y metab\u00f3licas.<\/p>\n<p>\u201cEste galard\u00f3n supone una motivaci\u00f3n y un gran est\u00edmulo para continuar desempe\u00f1ando mi labor cient\u00edfica investigando nuevas estrategias terap\u00e9uticas en el contexto de las enfermedades cardiovasculares, principalmente la insuficiencia cardiaca con fracci\u00f3n de eyecci\u00f3n preservada, para la cual a\u00fan no existe un tratamiento eficaz\u201d, ha asegurado la premiada.<\/p>\n<p>Alana Arag\u00f3n Herrera tambi\u00e9n destac\u00f3 la calidad cient\u00edfica del resto de finalistas por sus \u201cimpecables trayectorias en las \u00e1reas de Neuroenvejecimiento, Oncolog\u00eda y Enfermedades Gastrointestinales\u201d y quiso mostrar su profundo agradecimiento a sus compa\u00f1eros del\u00a0\u00a0 laboratorio de Cardiolog\u00eda Celular y Molecular y a Francisca Lago Paz, investigadora principal del grupo, \u201cpor confiar en m\u00ed desde el primer momento que pis\u00e9 el laboratorio para realizar la tesis doctoral y apoyarme continuamente\u201d. Alana tambi\u00e9n destac\u00f3 a sus incondicionales seres queridos y amigos que la motivan y apoyan en Galicia, Andaluc\u00eda, el resto de la pen\u00ednsula y en muchas otras partes del globo terr\u00e1queo.<\/p>\n<p><strong>Cinco finalistas <\/strong><\/p>\n<p>Adem\u00e1s de Anxo Fern\u00e1ndez y Alana Arag\u00f3n Herrera, otros tres investigadores del IDIS fueron finalistas en esta primera edici\u00f3n de los Premios de Investigaci\u00f3n en Salud Transfronterizos: Alberto Ouro Villasante, del grupo Neuroenvejecimiento; Javier Conde Aranda, del grupo Gastroenterolog\u00eda Molecular y Celular, y Juan Ruiz Ba\u00f1obre, del grupo Oncolog\u00eda M\u00e9dica Traslacional, Oncomet.<\/p>\n<p><strong>Otros premiados<\/strong><\/p>\n<p>Estos Premios de Investigaci\u00f3n en Salud se enmarcan en el proyecto europeo de cooperaci\u00f3n territorial Transfiresa\u00fade, con el que Galicia y el Norte de Portugal trabajan en la b\u00fasqueda de soluciones vinculadas al envejecimiento activo y para el impulso de la medicina personalizada. Este proyecto cuenta con un presupuesto de 1,8 millones de euros.<\/p>\n<p>En la modalidad destinada a la Regi\u00f3n del Norte de Portugal se valoran los Proyectos de Investigaci\u00f3n y Talentos emergentes, con aplicaci\u00f3n en los cuidados de salud primarios. En Galicia, adem\u00e1s de las Trayectorias Emergentes, se reconoci\u00f3 como el mejor Proyecto de Investigaci\u00f3n Sanitaria en Atenci\u00f3n Primaria el de E-consulta avanzada de Cardiolog\u00eda, dirigido por el doctor Juanatey, del CHUS, y cuyo equipo de investigaci\u00f3n est\u00e1 conformado por los doctores: Juan Jos\u00e9 S\u00e1nchez Castro, Alejandro Virg\u00f3s Lamela y Mar\u00eda Pilar Maz\u00f3n Ramos.<\/p>\n","protected":false},"excerpt":{"rendered":"<p>Anxo Fern\u00e1ndez Ferreiro, del grupo FarmaCHUSLab del IDIS recibi\u00f3 el primer premio en la modalidad Trayectorias Emergentes de investigaci\u00f3n en Salud, cuyo segundo galard\u00f3n fue para Alana Arag\u00f3n Herrera, del grupo Cardiolog\u00eda Celular y Molecular del IDIS.<\/p>\n","protected":false},"author":15,"featured_media":38368,"comment_status":"closed","ping_status":"closed","sticky":false,"template":"","format":"standard","meta":{"_et_pb_use_builder":"","_et_pb_old_content":"","_et_gb_content_width":"","inline_featured_image":false,"footnotes":""},"categories":[1,332,529],"tags":[],"class_list":["post-38366","post","type-post","status-publish","format-standard","has-post-thumbnail","hentry","category-noticias","category-carrusel-de-portada","category-carrusel-en-galego"],"publishpress_future_workflow_manual_trigger":{"enabledWorkflows":[]},"_links":{"self":[{"href":"https:\/\/www.idisantiago.es\/en\/wp-json\/wp\/v2\/posts\/38366","targetHints":{"allow":["GET"]}}],"collection":[{"href":"https:\/\/www.idisantiago.es\/en\/wp-json\/wp\/v2\/posts"}],"about":[{"href":"https:\/\/www.idisantiago.es\/en\/wp-json\/wp\/v2\/types\/post"}],"author":[{"embeddable":true,"href":"https:\/\/www.idisantiago.es\/en\/wp-json\/wp\/v2\/users\/15"}],"replies":[{"embeddable":true,"href":"https:\/\/www.idisantiago.es\/en\/wp-json\/wp\/v2\/comments?post=38366"}],"version-history":[{"count":4,"href":"https:\/\/www.idisantiago.es\/en\/wp-json\/wp\/v2\/posts\/38366\/revisions"}],"predecessor-version":[{"id":38379,"href":"https:\/\/www.idisantiago.es\/en\/wp-json\/wp\/v2\/posts\/38366\/revisions\/38379"}],"wp:featuredmedia":[{"embeddable":true,"href":"https:\/\/www.idisantiago.es\/en\/wp-json\/wp\/v2\/media\/38368"}],"wp:attachment":[{"href":"https:\/\/www.idisantiago.es\/en\/wp-json\/wp\/v2\/media?parent=38366"}],"wp:term":[{"taxonomy":"category","embeddable":true,"href":"https:\/\/www.idisantiago.es\/en\/wp-json\/wp\/v2\/categories?post=38366"},{"taxonomy":"post_tag","embeddable":true,"href":"https:\/\/www.idisantiago.es\/en\/wp-json\/wp\/v2\/tags?post=38366"}],"curies":[{"name":"wp","href":"https:\/\/api.w.org\/{rel}","templated":true}]}}