{"id":390,"date":"2018-08-14T09:16:08","date_gmt":"2018-08-14T08:16:08","guid":{"rendered":"http:\/\/ramon3.imaisd.es\/?p=390"},"modified":"2020-03-03T13:00:38","modified_gmt":"2020-03-03T12:00:38","slug":"fidis-y-el-complejo-hospitalario-universitario-de-santiago-de-compostela-chus-reciben-la-visita-de-una-delegacion-de-escocia-baja-silesia-sajonia-y-pais-vasco-para-conocer-de-primera-mano-la-inici","status":"publish","type":"post","link":"https:\/\/www.idisantiago.es\/en\/fidis-y-el-complejo-hospitalario-universitario-de-santiago-de-compostela-chus-reciben-la-visita-de-una-delegacion-de-escocia-baja-silesia-sajonia-y-pais-vasco-para-conocer-de-primera-mano-la-inici\/","title":{"rendered":"FIDIS y el CHUS reciben la visita de una delegaci\u00f3n para conocer la iniciativa de \u201crehabilitaci\u00f3n card\u00edaca\u201d del proyecto TITTAN."},"content":{"rendered":"<p>Durante los d\u00edas 18 y 19 FIDIS y el Complejo Hospitalario Universitario de Santiago de Compostela (CHUS), junto con\u00a0<a href=\"https:\/\/acis.sergas.es\/\">ACIS<\/a>, acogieron a una delegaci\u00f3n de Escocia procedente de <a href=\"http:\/\/dhi-scotland.com\/\">Digital Health &amp; Care Institute (DHI)<\/a>, del gobierno regional de Baja Silesia en Polonia, de Sajonia en Alemania procedente de <a href=\"https:\/\/www.healthy-saxony.com\/\">Healthy Saxony (HS)<\/a>, y del Servicio de Salud y de la <a href=\"https:\/\/www.bioef.org\/es\/\">Fundaci\u00f3n de Innovaci\u00f3n e Investigaci\u00f3n Sanitaria (BIOEF)<\/a> del Pa\u00eds Vasco. Esta visita est\u00e1 enmarcada dentro de las actividades del proyecto europeo TITTAN del cual estas delegaciones forman parte y ACIS es coordinador del mismo.<span id=\"more-2912\"><\/span><\/p>\n<p>En el primer d\u00eda de la visita, nuestros compa\u00f1eros Javier Quiles del R\u00edo -Jefe del Servicio de la Subdirecci\u00f3n General de Sistemas y Tecnolog\u00edas de la informaci\u00f3n del Servizo Galego de Sa\u00fade- y Marta Sande -Oficina proyecto IANUS- les mostraron la plataforma IANUS y Telea como punto de partida. IANUS ofrece a los profesionales de la salud el acceso al historial cl\u00ednico electr\u00f3nico del paciente independientemente del hospital, cl\u00ednica o centro de salud p\u00fablico, mientras que Telea es la plataforma de teleasistencia domiciliaria para pacientes cr\u00f3nicos.<\/p>\n<div id=\"attachment_2913\" class=\"wp-caption aligncenter\">\n<p><a href=\"https:\/\/www.idisantiago.es\/wp-content\/uploads\/2018\/08\/tittan01.jpg\" rel=\"attachment wp-att-2913\" data-lbwps-width=\"1024\" data-lbwps-height=\"768\" data-lbwps-srcsmall=\"https:\/\/www.idisantiago.es\/wp-content\/uploads\/2018\/08\/tittan01-300x225.jpg\"><img loading=\"lazy\" decoding=\"async\" class=\"wp-image-2913 size-large\" src=\"https:\/\/www.idisantiago.es\/wp-content\/uploads\/2018\/08\/tittan01-1024x768.jpg\" sizes=\"auto, (max-width: 1024px) 100vw, 1024px\" srcset=\"https:\/\/www.idisantiago.es\/wp-content\/uploads\/2018\/08\/tittan01-300x225.jpg 300w, https:\/\/www.idisantiago.es\/wp-content\/uploads\/2018\/08\/tittan01-768x576.jpg 768w, https:\/\/www.idisantiago.es\/wp-content\/uploads\/2018\/08\/tittan01.jpg 1024w\" alt=\"Momento de la reuni\u00f3n. ACIS, Conseller\u00eda de Sanidade, HS, DHI, Gobierno de Baja Silesia\" width=\"1024\" height=\"768\" \/><\/a><\/p>\n<p class=\"wp-caption-text\">Momento de la reuni\u00f3n. ACIS, Conseller\u00eda de Sanidade, HS, DHI, Gobierno de Baja Silesia<\/p>\n<\/div>\n<p>Por la tarde, tras una comida institucional presidida por el Secretario General de la Conseller\u00eda de Sa\u00fade, Alberto Fuentes Losada y la Gerente de la Agencia de Conocimiento en Salud ACIS, Beatriz Allegue Requeijo, se present\u00f3 la plataforma E-Sa\u00fade, herramienta que permite a los ciudadano\/ usuarios del sistema de salud gallego que puedan consultar datos personales de su historia cl\u00ednica e informaci\u00f3n sobre su medicaci\u00f3n en cualquier dispositivo fijo o m\u00f3vil.<\/p>\n<p>Durante el segundo d\u00eda de la visita, los socios procedentes de Escocia y Baja Silesia visitaron in situ el Centro de Salud de Galeras en Santiago de Compostela acompa\u00f1ados por Jorge Prado -Jefe del Servicio de Soporte e Implantaci\u00f3n-, para conocer el manejo de IANUS por parte de los profesionales de la salud.<\/p>\n<div id=\"attachment_2915\" class=\"wp-caption aligncenter\">\n<p><a href=\"https:\/\/www.idisantiago.es\/wp-content\/uploads\/2018\/08\/tittan02.jpg\" rel=\"attachment wp-att-2915\" data-lbwps-width=\"1024\" data-lbwps-height=\"768\" data-lbwps-srcsmall=\"https:\/\/www.idisantiago.es\/wp-content\/uploads\/2018\/08\/tittan02-300x225.jpg\"><img loading=\"lazy\" decoding=\"async\" class=\"wp-image-2915 size-large\" src=\"https:\/\/www.idisantiago.es\/wp-content\/uploads\/2018\/08\/tittan02-1024x768.jpg\" sizes=\"auto, (max-width: 1024px) 100vw, 1024px\" srcset=\"https:\/\/www.idisantiago.es\/wp-content\/uploads\/2018\/08\/tittan02-300x225.jpg 300w, https:\/\/www.idisantiago.es\/wp-content\/uploads\/2018\/08\/tittan02-768x576.jpg 768w, https:\/\/www.idisantiago.es\/wp-content\/uploads\/2018\/08\/tittan02.jpg 1024w\" alt=\"Centro de Salud de Galeras. Conseller\u00eda de Sanidade, Servizo Galego de Sa\u00fade, ACIS, DHI, Gobierno de Baja Silesia\" width=\"1024\" height=\"768\" \/><\/a><\/p>\n<p class=\"wp-caption-text\">Centro de Salud de Galeras. Conseller\u00eda de Sanidade, Servizo Galego de Sa\u00fade, ACIS, DHI, Gobierno de Baja Silesia<\/p>\n<\/div>\n<p>La jornada finaliz\u00f3 con la visita de toda la delegaci\u00f3n al Complejo Hospitalario Universitario de Santiago de Compostela (CHUS), donde Carlos Pe\u00f1a Gil -especialista en cardiolog\u00eda- present\u00f3 el programa de rehabilitaci\u00f3n card\u00edaca un programa que comenz\u00f3 en septiembre de 2015, supervisado por profesionales para ayudar a las personas a recuperarse de ataques card\u00edacos, cirug\u00eda card\u00edaca y procedimientos de intervenci\u00f3n coronaria percut\u00e1nea. El CHUS alberga adem\u00e1s un gimnasio donde se ofrece entrenamiento y ejercicios espec\u00edficos para pacientes con problemas card\u00edacos. La rehabilitaci\u00f3n se complementa con reuniones de una hora de duraci\u00f3n en la que participan pacientes, sus familiares y un equipo multidisciplinar de expertos.<\/p>\n<div id=\"attachment_2914\" class=\"wp-caption aligncenter\">\n<p><a href=\"https:\/\/www.idisantiago.es\/wp-content\/uploads\/2018\/08\/tittan03.jpg\" rel=\"attachment wp-att-2914\" data-lbwps-width=\"1024\" data-lbwps-height=\"768\" data-lbwps-srcsmall=\"https:\/\/www.idisantiago.es\/wp-content\/uploads\/2018\/08\/tittan03-300x225.jpg\"><img loading=\"lazy\" decoding=\"async\" class=\"wp-image-2914 size-large\" src=\"https:\/\/www.idisantiago.es\/wp-content\/uploads\/2018\/08\/tittan03-1024x768.jpg\" sizes=\"auto, (max-width: 1024px) 100vw, 1024px\" srcset=\"https:\/\/www.idisantiago.es\/wp-content\/uploads\/2018\/08\/tittan03-300x225.jpg 300w, https:\/\/www.idisantiago.es\/wp-content\/uploads\/2018\/08\/tittan03-768x576.jpg 768w, https:\/\/www.idisantiago.es\/wp-content\/uploads\/2018\/08\/tittan03.jpg 1024w\" alt=\"Presentaci\u00f3n proyecto de Rehabilitaci\u00f3n Card\u00edaca, CHUS. Servizo Galego de Sa\u00fade, HS, BIOEF, Gobierno de Baja Silesia\" width=\"1024\" height=\"768\" \/><\/a><\/p>\n<p class=\"wp-caption-text\">Presentaci\u00f3n proyecto de Rehabilitaci\u00f3n Card\u00edaca, CHUS. Servizo Galego de Sa\u00fade, HS, BIOEF, Gobierno de Baja Silesia<\/p>\n<\/div>\n","protected":false},"excerpt":{"rendered":"<p>Durante los d\u00edas 18 y 19 FIDIS y el Complejo Hospitalario Universitario de Santiago de Compostela (CHUS), junto con\u00a0ACIS, acogieron a una delegaci\u00f3n de Escocia procedente de Digital Health &amp; [&hellip;]<\/p>\n","protected":false},"author":6,"featured_media":391,"comment_status":"closed","ping_status":"open","sticky":false,"template":"","format":"standard","meta":{"_et_pb_use_builder":"","_et_pb_old_content":"","_et_gb_content_width":"","inline_featured_image":false,"footnotes":""},"categories":[1],"tags":[],"class_list":["post-390","post","type-post","status-publish","format-standard","has-post-thumbnail","hentry","category-noticias"],"publishpress_future_workflow_manual_trigger":{"enabledWorkflows":[]},"_links":{"self":[{"href":"https:\/\/www.idisantiago.es\/en\/wp-json\/wp\/v2\/posts\/390","targetHints":{"allow":["GET"]}}],"collection":[{"href":"https:\/\/www.idisantiago.es\/en\/wp-json\/wp\/v2\/posts"}],"about":[{"href":"https:\/\/www.idisantiago.es\/en\/wp-json\/wp\/v2\/types\/post"}],"author":[{"embeddable":true,"href":"https:\/\/www.idisantiago.es\/en\/wp-json\/wp\/v2\/users\/6"}],"replies":[{"embeddable":true,"href":"https:\/\/www.idisantiago.es\/en\/wp-json\/wp\/v2\/comments?post=390"}],"version-history":[{"count":3,"href":"https:\/\/www.idisantiago.es\/en\/wp-json\/wp\/v2\/posts\/390\/revisions"}],"predecessor-version":[{"id":397,"href":"https:\/\/www.idisantiago.es\/en\/wp-json\/wp\/v2\/posts\/390\/revisions\/397"}],"wp:featuredmedia":[{"embeddable":true,"href":"https:\/\/www.idisantiago.es\/en\/wp-json\/wp\/v2\/media\/391"}],"wp:attachment":[{"href":"https:\/\/www.idisantiago.es\/en\/wp-json\/wp\/v2\/media?parent=390"}],"wp:term":[{"taxonomy":"category","embeddable":true,"href":"https:\/\/www.idisantiago.es\/en\/wp-json\/wp\/v2\/categories?post=390"},{"taxonomy":"post_tag","embeddable":true,"href":"https:\/\/www.idisantiago.es\/en\/wp-json\/wp\/v2\/tags?post=390"}],"curies":[{"name":"wp","href":"https:\/\/api.w.org\/{rel}","templated":true}]}}