{"id":41318,"date":"2025-07-09T15:19:38","date_gmt":"2025-07-09T13:19:38","guid":{"rendered":"https:\/\/www.idisantiago.es\/?p=41318"},"modified":"2025-07-09T15:19:38","modified_gmt":"2025-07-09T13:19:38","slug":"el-idis-sera-el-beneficiario-de-los-fondos-recaudados-en-la-segunda-edicion-del-solidarity-fest-2025","status":"publish","type":"post","link":"https:\/\/www.idisantiago.es\/en\/el-idis-sera-el-beneficiario-de-los-fondos-recaudados-en-la-segunda-edicion-del-solidarity-fest-2025\/","title":{"rendered":"El IDIS ser\u00e1 el beneficiario de los fondos recaudados en la segunda edici\u00f3n del Solidarity Fest 2025"},"content":{"rendered":"<blockquote><p><strong><em>La directora de la FIDIS, Isabel Lista, ha firmado esta ma\u00f1ana el convenio de colaboraci\u00f3n con el festival, que se celebrar\u00e1 del 10 al 12 de octubre en Cambados<\/em><\/strong><\/p><\/blockquote>\n<p><strong>Santiago de Compostela, 9 de julio de 2025.-<\/strong> El Instituto de investigaci\u00f3n Sanitaria de Santiago de Compostela (IDIS) ser\u00e1 la entidad beneficiaria de los fondos recaudados en la segunda edici\u00f3n del Solidarity Fest 2025, promovido por la Fundaci\u00f3n Condado de Taboada (FCT), que se celebrar\u00e1 del 10 al 12 de octubre en Pazo Torrado, de Cambados (Pontevedra).<\/p>\n<p>As\u00ed lo ratificaron esta ma\u00f1ana, con la firma del convenio de colaboraci\u00f3n, la directora de la Fundaci\u00f3n P\u00fablica IDIS, Isabel Lista, y el director de la Fundaci\u00f3n Condado de Taboada, Juan Barri\u00e9. Esta decisi\u00f3n responde al firme compromiso de la FCT con la investigaci\u00f3n en la lucha contra el c\u00e1ncer, una de sus principales l\u00edneas de actuaci\u00f3n. El IDIS, como centro de referencia en Galicia que destaca por su excelencia cient\u00edfica y por el desarrollo de proyectos innovadores orientados a mejorar la prevenci\u00f3n, el diagn\u00f3stico y el tratamiento del c\u00e1ncer, se convierte en beneficiario de esta iniciativa, cuyo objetivo es apoyar investigaciones y proyectos que generen un impacto directo en la salud y el bienestar de las personas.<\/p>\n<p>El Solidarity Fest es una cita que a\u00fana m\u00fasica, cultura y solidaridad, que ya va por su segunda edici\u00f3n. Desde la organizaci\u00f3n esperan que se consolide como un evento referente en la comarca del Saln\u00e9s, por su patente promoci\u00f3n de valores sociales y canalizaci\u00f3n de recursos hacia causas de alto valor cient\u00edfico y humano. El festival tiene como eje principal un mercadillo solidario donde se busca promover el comercio local y dar visibilidad a los peque\u00f1os artesanos de la regi\u00f3n. Tambi\u00e9n habr\u00e1 una amplia gama de actividades y talleres para todos los gustos y edades, as\u00ed como charlas inspiradoras sobre emprendimiento y sostenibilidad para fortalecer proyectos responsables con el entorno.<\/p>\n<p>A finales de este mes de julio, el director de la Fundaci\u00f3n Condado de Taboada, Juan Barri\u00e9, presentar\u00e1 el cartel de artistas del festival en el Ayuntamiento de Cambados, junto al alcalde de la localidad, Samuel Lago, y la directora de la FIDIS, Isabel Lista. Tanto la informaci\u00f3n sobre el evento como la adquisici\u00f3n de las entradas podr\u00e1n consultarse en la web <a href=\"http:\/\/www.solidarityfest.org\">www.solidarityfest.org<\/a> y en Instagram @solidarityfest.fct<\/p>\n<p><img loading=\"lazy\" decoding=\"async\" class=\"alignnone size-full wp-image-41323\" src=\"https:\/\/www.idisantiago.es\/wp-content\/uploads\/2025\/07\/IMG_6816.jpg\" alt=\"\" width=\"2016\" height=\"1512\" srcset=\"https:\/\/www.idisantiago.es\/wp-content\/uploads\/2025\/07\/IMG_6816.jpg 2016w, https:\/\/www.idisantiago.es\/wp-content\/uploads\/2025\/07\/IMG_6816-1280x960.jpg 1280w, https:\/\/www.idisantiago.es\/wp-content\/uploads\/2025\/07\/IMG_6816-980x735.jpg 980w, https:\/\/www.idisantiago.es\/wp-content\/uploads\/2025\/07\/IMG_6816-480x360.jpg 480w\" sizes=\"auto, (min-width: 0px) and (max-width: 480px) 480px, (min-width: 481px) and (max-width: 980px) 980px, (min-width: 981px) and (max-width: 1280px) 1280px, (min-width: 1281px) 2016px, 100vw\" \/><\/p>\n","protected":false},"excerpt":{"rendered":"<p>La directora de la FIDIS, Isabel Lista, ha firmado esta ma\u00f1ana el convenio de colaboraci\u00f3n con el festival, que se celebrar\u00e1 del 10 al 12 de octubre en Cambados<\/p>\n","protected":false},"author":6,"featured_media":41320,"comment_status":"closed","ping_status":"closed","sticky":false,"template":"","format":"standard","meta":{"_et_pb_use_builder":"","_et_pb_old_content":"","_et_gb_content_width":"","inline_featured_image":false,"footnotes":""},"categories":[1,332],"tags":[],"class_list":["post-41318","post","type-post","status-publish","format-standard","has-post-thumbnail","hentry","category-noticias","category-carrusel-de-portada"],"publishpress_future_workflow_manual_trigger":{"enabledWorkflows":[]},"_links":{"self":[{"href":"https:\/\/www.idisantiago.es\/en\/wp-json\/wp\/v2\/posts\/41318","targetHints":{"allow":["GET"]}}],"collection":[{"href":"https:\/\/www.idisantiago.es\/en\/wp-json\/wp\/v2\/posts"}],"about":[{"href":"https:\/\/www.idisantiago.es\/en\/wp-json\/wp\/v2\/types\/post"}],"author":[{"embeddable":true,"href":"https:\/\/www.idisantiago.es\/en\/wp-json\/wp\/v2\/users\/6"}],"replies":[{"embeddable":true,"href":"https:\/\/www.idisantiago.es\/en\/wp-json\/wp\/v2\/comments?post=41318"}],"version-history":[{"count":1,"href":"https:\/\/www.idisantiago.es\/en\/wp-json\/wp\/v2\/posts\/41318\/revisions"}],"predecessor-version":[{"id":41326,"href":"https:\/\/www.idisantiago.es\/en\/wp-json\/wp\/v2\/posts\/41318\/revisions\/41326"}],"wp:featuredmedia":[{"embeddable":true,"href":"https:\/\/www.idisantiago.es\/en\/wp-json\/wp\/v2\/media\/41320"}],"wp:attachment":[{"href":"https:\/\/www.idisantiago.es\/en\/wp-json\/wp\/v2\/media?parent=41318"}],"wp:term":[{"taxonomy":"category","embeddable":true,"href":"https:\/\/www.idisantiago.es\/en\/wp-json\/wp\/v2\/categories?post=41318"},{"taxonomy":"post_tag","embeddable":true,"href":"https:\/\/www.idisantiago.es\/en\/wp-json\/wp\/v2\/tags?post=41318"}],"curies":[{"name":"wp","href":"https:\/\/api.w.org\/{rel}","templated":true}]}}