{"id":41336,"date":"2025-07-11T11:22:00","date_gmt":"2025-07-11T09:22:00","guid":{"rendered":"https:\/\/www.idisantiago.es\/?p=41336"},"modified":"2025-07-11T11:22:00","modified_gmt":"2025-07-11T09:22:00","slug":"el-british-journal-of-pharmacology-publica-un-estudio-del-idis-que-busca-evitar-las-reacciones-adversas-a-farmacos-usados-durante-la-quimioterapia-especialmente-en-cancer-colorrectal","status":"publish","type":"post","link":"https:\/\/www.idisantiago.es\/en\/el-british-journal-of-pharmacology-publica-un-estudio-del-idis-que-busca-evitar-las-reacciones-adversas-a-farmacos-usados-durante-la-quimioterapia-especialmente-en-cancer-colorrectal\/","title":{"rendered":"El British Journal of Pharmacology publica un estudio del IDIS que busca evitar las reacciones adversas a f\u00e1rmacos usados durante la quimioterapia, especialmente en c\u00e1ncer colorrectal"},"content":{"rendered":"<blockquote><p><em><strong>El trabajo abre las puertas a poder implementar, a medio plazo, estrategias de tratamiento m\u00e1s personalizadas que mejoren las expectativas de los pacientes<\/strong><\/em><\/p><\/blockquote>\n<p><strong>Santiago de Compostela, 11 de julio de 2025.-<\/strong> Las reacciones adversas a f\u00e1rmacos son un evento com\u00fan durante la quimioterapia, y en muchos casos son limitantes para la \u00f3ptima pauta del tratamiento, afectando no solo a la calidad de vida de los pacientes sino tambi\u00e9n al pron\u00f3stico en la enfermedad. Ocurre, por ejemplo, en el c\u00e1ncer colorrectal (CCR), donde se suelen dar reacciones adversas a medicamentos (RAM), que pueden ser graves o incluso mortales.<\/p>\n<p>Para abordar este problema, han surgido estudios farmacogen\u00e9ticos que ayudan a personalizar los tratamientos bas\u00e1ndose en informaci\u00f3n molecular. Sin embargo, estos estudios se han visto limitados por la falta de datos estandarizados, la complejidad de la clasificaci\u00f3n estandarizada de las RAM y la necesidad de nuevas estrategias y ensayos funcionales.<\/p>\n<p>Por ello el grupo de investigaci\u00f3n Predisposici\u00f3n al c\u00e1ncer y biomarcadores del IDIS que lidera Ceres Fern\u00e1ndez trabaja en una l\u00ednea de investigaci\u00f3n orientada a identificar y validar nuevos biomarcadores de toxicidad a quimioterapia mediante enfoques de vanguardia. Los primeros resultados de este trabajo est\u00e1n basados en un estudio en pacientes con c\u00e1ncer colorrectal, y acaban de ser publicados por el <em>British Journal of Pharmacology<\/em>.<\/p>\n<p>\u201cLa aparici\u00f3n de estas toxicidades tiene un componente hereditario importante, es decir, existen variantes en nuestro genoma que hacen que algunas personas sean m\u00e1s propensas que otras a su aparici\u00f3n. Sin embargo, los estudios farmacogen\u00f3micos de toxicidad realizados hasta el momento no han sido capaces de identificar con eficacia estas variantes gen\u00e9ticas, en parte debido a las limitaciones en la recogida de los datos y la obtencion de cohortes de un tama\u00f1o adecuado\u201d, explica la investigadora del IDIS.<\/p>\n<p>\u201cEn el presente estudio, hemos realizado un an\u00e1lisis gen\u00f3mico completo, utilizando t\u00e9cnicas como la secuenciaci\u00f3n de exomas o la integraci\u00f3n de datos multi-\u00f3micos para identificar nuevos genes y v\u00edas moleculares relacionadas con la aparici\u00f3n de reacciones adversas a fluoropirimidinas, uno de los tratamientos quimioterap\u00e9uticos m\u00e1s usados en c\u00e1ncer colorrectal y en otros muchos tumores\u201d, indica Ceres Fern\u00e1ndez. Y han logrado identificar varias variantes\/genes candidatos a la toxicidad que podr\u00edan influir en el desarrollo de reacciones adversas a medicamentos en estos pacientes.<\/p>\n<p>\u201cA trav\u00e9s de estos an\u00e1lisis proponemos, adem\u00e1s, una secuencia de acciones relevantes para, en el futuro, poder realizar estudios farmacogen\u00e9ticos mayores y que puedan ser implementados en el medio plazo en la rutina cl\u00ednica, mejorando as\u00ed las expectativas de los pacientes con c\u00e1ncer y ofreciendo estrategias de tratamiento m\u00e1s personalizadas\u201d, indica la investigadora.<\/p>\n<p>&nbsp;<\/p>\n<p><em>Link al art\u00edculo completo: <\/em><a href=\"https:\/\/doi.org\/10.1111\/bph.70051\"><strong><em>https:\/\/doi.org\/10.1111\/bph.70051<\/em><\/strong><\/a><\/p>\n<p>&nbsp;<\/p>\n","protected":false},"excerpt":{"rendered":"<p>El trabajo abre las puertas a poder implementar, a medio plazo, estrategias de tratamiento m\u00e1s personalizadas que mejoren las expectativas de los pacientes<\/p>\n","protected":false},"author":6,"featured_media":41362,"comment_status":"closed","ping_status":"closed","sticky":false,"template":"","format":"standard","meta":{"_et_pb_use_builder":"","_et_pb_old_content":"","_et_gb_content_width":"","inline_featured_image":false,"footnotes":""},"categories":[1,332],"tags":[],"class_list":["post-41336","post","type-post","status-publish","format-standard","has-post-thumbnail","hentry","category-noticias","category-carrusel-de-portada"],"publishpress_future_workflow_manual_trigger":{"enabledWorkflows":[]},"_links":{"self":[{"href":"https:\/\/www.idisantiago.es\/en\/wp-json\/wp\/v2\/posts\/41336","targetHints":{"allow":["GET"]}}],"collection":[{"href":"https:\/\/www.idisantiago.es\/en\/wp-json\/wp\/v2\/posts"}],"about":[{"href":"https:\/\/www.idisantiago.es\/en\/wp-json\/wp\/v2\/types\/post"}],"author":[{"embeddable":true,"href":"https:\/\/www.idisantiago.es\/en\/wp-json\/wp\/v2\/users\/6"}],"replies":[{"embeddable":true,"href":"https:\/\/www.idisantiago.es\/en\/wp-json\/wp\/v2\/comments?post=41336"}],"version-history":[{"count":1,"href":"https:\/\/www.idisantiago.es\/en\/wp-json\/wp\/v2\/posts\/41336\/revisions"}],"predecessor-version":[{"id":41366,"href":"https:\/\/www.idisantiago.es\/en\/wp-json\/wp\/v2\/posts\/41336\/revisions\/41366"}],"wp:featuredmedia":[{"embeddable":true,"href":"https:\/\/www.idisantiago.es\/en\/wp-json\/wp\/v2\/media\/41362"}],"wp:attachment":[{"href":"https:\/\/www.idisantiago.es\/en\/wp-json\/wp\/v2\/media?parent=41336"}],"wp:term":[{"taxonomy":"category","embeddable":true,"href":"https:\/\/www.idisantiago.es\/en\/wp-json\/wp\/v2\/categories?post=41336"},{"taxonomy":"post_tag","embeddable":true,"href":"https:\/\/www.idisantiago.es\/en\/wp-json\/wp\/v2\/tags?post=41336"}],"curies":[{"name":"wp","href":"https:\/\/api.w.org\/{rel}","templated":true}]}}