{"id":41426,"date":"2025-07-22T15:37:15","date_gmt":"2025-07-22T13:37:15","guid":{"rendered":"https:\/\/www.idisantiago.es\/?p=41426"},"modified":"2025-07-23T12:27:56","modified_gmt":"2025-07-23T10:27:56","slug":"guadi-galego-y-ortiga-encabezan-el-cartel-del-solidarity-fest-2025","status":"publish","type":"post","link":"https:\/\/www.idisantiago.es\/en\/guadi-galego-y-ortiga-encabezan-el-cartel-del-solidarity-fest-2025\/","title":{"rendered":"Guadi Galego y Ortiga encabezan el cartel del Solidarity Fest 2025"},"content":{"rendered":"<blockquote><p><strong><em>Isabel Lista acude a la presentaci\u00f3n oficial del evento.<\/em><\/strong><\/p>\n<p><strong><em>El festival se celebrar\u00e1 del 10 al 12 de octubre en Pazo Torrado de Cambados y en \u00e9l habr\u00e1 actuaciones musicales, talleres infantiles y un mercadillo solidario con emprendedores locales.<\/em><\/strong><\/p>\n<p><strong><em>Los fondos recaudados ir\u00e1n destinados a proyectos de investigaci\u00f3n oncol\u00f3gica del IDIS<\/em><\/strong><\/p><\/blockquote>\n<p><strong>Santiago de Compostela, 22 de julio de 2025.-<\/strong> Isabel Lista, directora de la Fundaci\u00f3n P\u00fablica Gallega Instituto de Investigaci\u00f3n Sanitaria de Santiago de Compostela (FIDIS), ha acudido esta ma\u00f1ana a la presentaci\u00f3n oficial del programa del Solidarity Fest 2025, como representante de la entidad que ser\u00e1 beneficiaria de los fondos recaudados en el festival. El alcalde de la localidad, Samuel Lago, y Juan Barri\u00e9, director de la fundaci\u00f3n organizadora, Condado de Taboada, estuvieron presentes tambi\u00e9n en el acto, en el que desvelaron todos los conciertos y actividades que tendr\u00e1n lugar en esta cita solidaria.<\/p>\n<p>Durante la presentaci\u00f3n, la directora de la FIDIS ha querido agradecer el apoyo de esta iniciativa y ha subrayado la importancia de este tipo de colaboraciones para seguir avanzando en la lucha contra enfermedades como el c\u00e1ncer, as\u00ed como a dar visibilidad a la investigaci\u00f3n sanitaria. El IDIS, centro de referencia en Galicia, destaca por su excelencia cient\u00edfica y por el desarrollo de proyectos innovadores orientados a mejorar la prevenci\u00f3n, el diagn\u00f3stico y el tratamiento de enfermedades oncol\u00f3gicas. Gracias a esta colaboraci\u00f3n, se obtendr\u00e1n fondos para la financiaci\u00f3n de investigaciones en el \u00e1rea del c\u00e1ncer, dirigidas por Rafael L\u00f3pez, Coordinador del \u00c1rea Cient\u00edfica de Oncolog\u00eda del IDIS y Jefe del Servicio de Oncolog\u00eda M\u00e9dica del Complexo Hospitalario Universitario de Santiago de Compostela.<\/p>\n<p>Juan Barri\u00e9 ha destacado que \u201cSolidarity Fest no es solo un evento cultural, sino un espacio de encuentro en el que la sociedad puede implicarse activamente con una causa com\u00fan: apoyar la investigaci\u00f3n sanitaria a trav\u00e9s de la cultura\u201d. El alcalde de Cambados ha expresado su apoyo total al proyecto y ha celebrado que \u201cuna iniciativa de esta magnitud se desarrolle en uno de los espacios patrimoniales m\u00e1s emblem\u00e1ticos del municipio\u201d, en referencia a los jardines del Pazo de Torrado, sede del evento.<\/p>\n<p><strong>El programa del festival<\/strong><\/p>\n<p>Guadi Galego y el artista compostelano Ortiga encabezar\u00e1n el cartel del Solidarity Fest 2025, que se celebrar\u00e1 en Pazo Torrado de Cambados del 10 al 12 de octubre. Adem\u00e1s, el festival contar\u00e1 con la presencia de artistas como DJ Amable, Se\u00f1ora DJ, Duele, Cora, Rapariga DJ, entre otros. El programa se completar\u00e1 con la actuaci\u00f3n de la Orquesta Sinf\u00f3nica Joven de Pontevedra, showcookings a cargo de Loxe Mareiro y Habaziro, zona infantil con talleres, mercadillo de artesan\u00eda local y una cuidada selecci\u00f3n de foodtrucks.<\/p>\n<p>Durante tres d\u00edas, el recinto acoger\u00e1 conciertos, actividades gastron\u00f3micas, talleres infantiles, un sorteo solidario y espacios de encuentro para p\u00fablico de todas las edades, con especial atenci\u00f3n a la accesibilidad y la diversidad de contenidos. El viernes 10 habr\u00e1 una fiesta de preapertura en la sala Krazzy Kray a favor de la Fundaci\u00f3n, mientras que el cartel del s\u00e1bado 11 estar\u00e1 encabezado por dos nombres de referencia en el panorama musical gallego y estatal: Ortiga, reconocido por su energ\u00eda en directo y su reinterpretaci\u00f3n de lo popular desde una perspectiva actual, y Guadi Galego, una de las voces m\u00e1s respetadas de la escena alternativa gallega. El festival aspira a consolidarse como una referencia en Galicia dentro del circuito de eventos con causa social.<\/p>\n<p>Para realizar la donaci\u00f3n con derecho a entrada se facilita la web <a href=\"http:\/\/www.solidarityfest.es\">www.solidarityfest.es<\/a> , adem\u00e1s de poder seguir la informaci\u00f3n sobre la programaci\u00f3n en Instagram @solidarityfest.fct<\/p>\n<p>&nbsp;<\/p>\n<p>&nbsp;<\/p>\n<p>&nbsp;<\/p>\n<p><em>\u00a0<\/em><\/p>\n<p>&nbsp;<\/p>\n","protected":false},"excerpt":{"rendered":"<p>Isabel Lista acude a la presentaci\u00f3n oficial del evento.<br \/>\nEl festival se celebrar\u00e1 del 10 al 12 de octubre en Pazo Torrado de Cambados y en \u00e9l habr\u00e1 actuaciones musicales, talleres infantiles y un mercadillo solidario con emprendedores locales.<br \/>\nLos fondos recaudados ir\u00e1n destinados a proyectos de investigaci\u00f3n oncol\u00f3gica del IDIS.<\/p>\n","protected":false},"author":6,"featured_media":41435,"comment_status":"closed","ping_status":"closed","sticky":false,"template":"","format":"standard","meta":{"_et_pb_use_builder":"","_et_pb_old_content":"","_et_gb_content_width":"","inline_featured_image":false,"footnotes":""},"categories":[1,332],"tags":[],"class_list":["post-41426","post","type-post","status-publish","format-standard","has-post-thumbnail","hentry","category-noticias","category-carrusel-de-portada"],"publishpress_future_workflow_manual_trigger":{"enabledWorkflows":[]},"_links":{"self":[{"href":"https:\/\/www.idisantiago.es\/en\/wp-json\/wp\/v2\/posts\/41426","targetHints":{"allow":["GET"]}}],"collection":[{"href":"https:\/\/www.idisantiago.es\/en\/wp-json\/wp\/v2\/posts"}],"about":[{"href":"https:\/\/www.idisantiago.es\/en\/wp-json\/wp\/v2\/types\/post"}],"author":[{"embeddable":true,"href":"https:\/\/www.idisantiago.es\/en\/wp-json\/wp\/v2\/users\/6"}],"replies":[{"embeddable":true,"href":"https:\/\/www.idisantiago.es\/en\/wp-json\/wp\/v2\/comments?post=41426"}],"version-history":[{"count":3,"href":"https:\/\/www.idisantiago.es\/en\/wp-json\/wp\/v2\/posts\/41426\/revisions"}],"predecessor-version":[{"id":41434,"href":"https:\/\/www.idisantiago.es\/en\/wp-json\/wp\/v2\/posts\/41426\/revisions\/41434"}],"wp:featuredmedia":[{"embeddable":true,"href":"https:\/\/www.idisantiago.es\/en\/wp-json\/wp\/v2\/media\/41435"}],"wp:attachment":[{"href":"https:\/\/www.idisantiago.es\/en\/wp-json\/wp\/v2\/media?parent=41426"}],"wp:term":[{"taxonomy":"category","embeddable":true,"href":"https:\/\/www.idisantiago.es\/en\/wp-json\/wp\/v2\/categories?post=41426"},{"taxonomy":"post_tag","embeddable":true,"href":"https:\/\/www.idisantiago.es\/en\/wp-json\/wp\/v2\/tags?post=41426"}],"curies":[{"name":"wp","href":"https:\/\/api.w.org\/{rel}","templated":true}]}}