{"id":46898,"date":"2026-04-29T14:44:36","date_gmt":"2026-04-29T12:44:36","guid":{"rendered":"https:\/\/www.idisantiago.es\/?p=46898"},"modified":"2026-04-29T14:44:36","modified_gmt":"2026-04-29T12:44:36","slug":"saja-al-rubaye-y-sonia-eiras-ganan-el-premio-a-la-publicacion-del-ano-de-la-heart-rhythm-society","status":"publish","type":"post","link":"https:\/\/www.idisantiago.es\/en\/saja-al-rubaye-y-sonia-eiras-ganan-el-premio-a-la-publicacion-del-ano-de-la-heart-rhythm-society\/","title":{"rendered":"Saja Al-rubaye y Sonia Eiras ganan el premio a la Publicaci\u00f3n del A\u00f1o de la Heart Rhythm Society"},"content":{"rendered":"<blockquote><p><strong>El art\u00edculo premiado lleva por t\u00edtulo <em>Plasma small extracellular vesicles: Markers and mediators of atrial scar, in patients with atrial fibrillation<\/em><\/strong><\/p><\/blockquote>\n<p><strong>Santiago de Compostela, 29 de abril de 2026.-<\/strong> Las investigadoras del IDIS Saja Al-rubaye y Sonia Eiras ha ganado el premio \u201cJoan and Douglas P. Zipes a la Publicaci\u00f3n del A\u00f1o\u201d de HRS Journals, el conjunto de publicaciones de la Heart Rhythm Society (HRS), una de las principales organizaciones en estudio y tratamiento de arritmias card\u00edacas del mundo.<\/p>\n<p>Este reconocimiento premia el art\u00edculo publicado en el \u00faltimo a\u00f1o que m\u00e1s haya contribuido a avances significativos en la comprensi\u00f3n o tratamiento de las arritmias card\u00edacas. El galard\u00f3n se otorga anualmente durante las sesiones cient\u00edficas de la Heart Rhythm Society, que han tenido lugar este mes de abril en Chicago.<\/p>\n<p>El trabajo premiado lleva por t\u00edtulo <em>Plasma small extracellular vesicles: Markers and mediators of atrial scar, in patients with atrial fibrillation<\/em> y en \u00e9l participaron, adem\u00e1s de las investigadoras premiadas, Teba Gonz\u00e1lez Ferrero, \u00a0Ana I. Rodr\u00edguez P\u00e9rez, \u00a0Laura Camacho Me\u00f1o, Jos\u00e9 L. Labandeira Garc\u00eda, Ezequiel \u00c1lvarez, Javier Garc\u00eda Seara, Susana B Bravo, Jos\u00e9 R. Gonz\u00e1lez-Juanatey y Mois\u00e9s Rodr\u00edguez-Ma\u00f1ero.<\/p>\n<p>El objetivo del estudio era identificar el perfil prote\u00f3mico de las ves\u00edculas extracelulares (VE) plasm\u00e1ticas asociadas con un alto porcentaje de ABV, su origen celular y su regulaci\u00f3n por la hiperglucemia. El resultado es que estas VE son marcadores de escara atrial con efectos sobre los fibroblastos auriculares y, aunque se necesitan m\u00e1s estudios, se ha observado que aportan valor pron\u00f3stico a determinados niveles.<\/p>\n<p>&nbsp;<\/p>\n<p>&nbsp;<\/p>\n<p>&nbsp;<\/p>\n","protected":false},"excerpt":{"rendered":"<p>El art\u00edculo premiado lleva por t\u00edtulo Plasma small extracellular vesicles: Markers and mediators of atrial scar, in patients with atrial fibrillation<\/p>\n","protected":false},"author":6,"featured_media":46900,"comment_status":"closed","ping_status":"closed","sticky":false,"template":"","format":"standard","meta":{"_et_pb_use_builder":"","_et_pb_old_content":"","_et_gb_content_width":"","inline_featured_image":false,"footnotes":""},"categories":[1,332],"tags":[],"class_list":["post-46898","post","type-post","status-publish","format-standard","has-post-thumbnail","hentry","category-noticias","category-carrusel-de-portada"],"publishpress_future_workflow_manual_trigger":{"enabledWorkflows":[]},"_links":{"self":[{"href":"https:\/\/www.idisantiago.es\/en\/wp-json\/wp\/v2\/posts\/46898","targetHints":{"allow":["GET"]}}],"collection":[{"href":"https:\/\/www.idisantiago.es\/en\/wp-json\/wp\/v2\/posts"}],"about":[{"href":"https:\/\/www.idisantiago.es\/en\/wp-json\/wp\/v2\/types\/post"}],"author":[{"embeddable":true,"href":"https:\/\/www.idisantiago.es\/en\/wp-json\/wp\/v2\/users\/6"}],"replies":[{"embeddable":true,"href":"https:\/\/www.idisantiago.es\/en\/wp-json\/wp\/v2\/comments?post=46898"}],"version-history":[{"count":1,"href":"https:\/\/www.idisantiago.es\/en\/wp-json\/wp\/v2\/posts\/46898\/revisions"}],"predecessor-version":[{"id":46903,"href":"https:\/\/www.idisantiago.es\/en\/wp-json\/wp\/v2\/posts\/46898\/revisions\/46903"}],"wp:featuredmedia":[{"embeddable":true,"href":"https:\/\/www.idisantiago.es\/en\/wp-json\/wp\/v2\/media\/46900"}],"wp:attachment":[{"href":"https:\/\/www.idisantiago.es\/en\/wp-json\/wp\/v2\/media?parent=46898"}],"wp:term":[{"taxonomy":"category","embeddable":true,"href":"https:\/\/www.idisantiago.es\/en\/wp-json\/wp\/v2\/categories?post=46898"},{"taxonomy":"post_tag","embeddable":true,"href":"https:\/\/www.idisantiago.es\/en\/wp-json\/wp\/v2\/tags?post=46898"}],"curies":[{"name":"wp","href":"https:\/\/api.w.org\/{rel}","templated":true}]}}