{"id":49537,"date":"2026-09-04T07:54:16","date_gmt":"2026-09-04T05:54:16","guid":{"rendered":"https:\/\/www.idisantiago.es\/?p=49537"},"modified":"2026-09-03T14:55:41","modified_gmt":"2026-09-03T12:55:41","slug":"abierta-la-inscripcion-para-la-iii-carrera-de-orientacion-solidaria-por-el-ictus-que-tendra-lugar-en-santiago-el-27-de-septiembre","status":"publish","type":"post","link":"https:\/\/www.idisantiago.es\/en\/abierta-la-inscripcion-para-la-iii-carrera-de-orientacion-solidaria-por-el-ictus-que-tendra-lugar-en-santiago-el-27-de-septiembre\/","title":{"rendered":"Abierta la inscripci\u00f3n para la III Carrera de Orientaci\u00f3n Solidaria por el Ictus que tendr\u00e1 lugar en Santiago el 27 de septiembre"},"content":{"rendered":"<blockquote><p><strong>La iniciativa, en beneficio de Dano Cerebral Galicia, est\u00e1 organizada por el grupo Ictus Traslacional del IDIS y el Club Aromon de Pontevedra<\/strong><\/p><\/blockquote>\n<p><strong>Santiago de Compostela, <\/strong><strong>3 de septiembre <\/strong><strong>de 2026.-<\/strong> El pr\u00f3ximo 27 de septiembre, la Cidade da Cultura de Galicia acoger\u00e1 la III Carrera de Orientaci\u00f3n Solidaria por el Ictus, una iniciativa abierta a todas las edades y niveles organizada por el grupo Ictus Traslacional (Treat Group) del Instituto de Investigaci\u00f3n Sanitaria de Santiago (IDIS) y el Club Aromon de Pontevedra.<\/p>\n<p>La cita, que dar\u00e1 comienzo a las 10:30 h, cuenta con 300 plazas gratuitas. Quienes formalicen su inscripci\u00f3n antes del 15 de septiembre recibir\u00e1n una camiseta conmemorativa. Se trata de una prueba de car\u00e1cter familiar y no competitivo que busca combinar deporte, solidaridad y concienciaci\u00f3n. Adem\u00e1s de la actividad deportiva, habr\u00e1 premios para los tres primeros clasificados de cada categor\u00eda y un gran sorteo final con obsequios de las entidades colaboradoras. Al terminar, los participantes podr\u00e1n disfrutar de fruta fresca, agua y bebidas saludables proporcionadas por los patrocinadores.<\/p>\n<p>Todos los fondos recaudados mediante donaciones voluntarias se destinar\u00e1n \u00edntegramente a Dano Cerebral Galicia, una entidad que ofrece apoyo, recursos y proyectos de integraci\u00f3n a personas afectadas por da\u00f1o cerebral adquirido y a sus familias.<\/p>\n<p>\u201cEl ictus es una de las principales causas de discapacidad en adultos y una atenci\u00f3n temprana puede marcar la diferencia en el pron\u00f3stico\u201d, se\u00f1alan desde el grupo que lidera el Dr. Francisco Campos que, con esta carrera, busca \u201csensibilizar a la sociedad sobre la importancia de reconocer los s\u00edntomas a tiempo, fomentar h\u00e1bitos de vida saludable y apoyar a la comunidad de pacientes y familiares\u201d.<\/p>\n<p>La inscripci\u00f3n puede realizarse en <a href=\"https:\/\/forms.cloud.microsoft\/e\/sGwX9wgjNt\">https:\/\/forms.cloud.microsoft\/e\/sGwX9wgjNt<\/a>.<\/p>\n","protected":false},"excerpt":{"rendered":"<p>La iniciativa, en beneficio de Dano Cerebral Galicia, est\u00e1 organizada por el grupo Ictus Traslacional del IDIS y el Club Aromon de Pontevedra<\/p>\n","protected":false},"author":6,"featured_media":49539,"comment_status":"closed","ping_status":"closed","sticky":false,"template":"","format":"standard","meta":{"_et_pb_use_builder":"","_et_pb_old_content":"","_et_gb_content_width":"","inline_featured_image":false,"footnotes":""},"categories":[1],"tags":[],"class_list":["post-49537","post","type-post","status-publish","format-standard","has-post-thumbnail","hentry","category-noticias"],"publishpress_future_workflow_manual_trigger":{"enabledWorkflows":[]},"_links":{"self":[{"href":"https:\/\/www.idisantiago.es\/en\/wp-json\/wp\/v2\/posts\/49537","targetHints":{"allow":["GET"]}}],"collection":[{"href":"https:\/\/www.idisantiago.es\/en\/wp-json\/wp\/v2\/posts"}],"about":[{"href":"https:\/\/www.idisantiago.es\/en\/wp-json\/wp\/v2\/types\/post"}],"author":[{"embeddable":true,"href":"https:\/\/www.idisantiago.es\/en\/wp-json\/wp\/v2\/users\/6"}],"replies":[{"embeddable":true,"href":"https:\/\/www.idisantiago.es\/en\/wp-json\/wp\/v2\/comments?post=49537"}],"version-history":[{"count":1,"href":"https:\/\/www.idisantiago.es\/en\/wp-json\/wp\/v2\/posts\/49537\/revisions"}],"predecessor-version":[{"id":49542,"href":"https:\/\/www.idisantiago.es\/en\/wp-json\/wp\/v2\/posts\/49537\/revisions\/49542"}],"wp:featuredmedia":[{"embeddable":true,"href":"https:\/\/www.idisantiago.es\/en\/wp-json\/wp\/v2\/media\/49539"}],"wp:attachment":[{"href":"https:\/\/www.idisantiago.es\/en\/wp-json\/wp\/v2\/media?parent=49537"}],"wp:term":[{"taxonomy":"category","embeddable":true,"href":"https:\/\/www.idisantiago.es\/en\/wp-json\/wp\/v2\/categories?post=49537"},{"taxonomy":"post_tag","embeddable":true,"href":"https:\/\/www.idisantiago.es\/en\/wp-json\/wp\/v2\/tags?post=49537"}],"curies":[{"name":"wp","href":"https:\/\/api.w.org\/{rel}","templated":true}]}}