{"id":7317,"date":"2021-05-21T12:37:54","date_gmt":"2021-05-21T10:37:54","guid":{"rendered":"https:\/\/www.idisantiago.es\/?p=7317"},"modified":"2021-12-27T08:47:52","modified_gmt":"2021-12-27T07:47:52","slug":"curso-elaboracion-propuestas-horizonte-europa","status":"publish","type":"post","link":"https:\/\/www.idisantiago.es\/en\/curso-elaboracion-propuestas-horizonte-europa\/","title":{"rendered":"Curso de elaboraci\u00f3n de propuestas Horizonte Europa"},"content":{"rendered":"<p><img loading=\"lazy\" decoding=\"async\" class=\"alignnone size-full wp-image-7140\" src=\"https:\/\/www.idisantiago.es\/wp-content\/uploads\/2021\/04\/Logo-GO-EU-recortado-5.png\" alt=\"\" width=\"388\" height=\"255\" \/><!--more-->En el marco del proyecto <strong>IDIS Go Europe<\/strong>, se va a celebrar el <strong>&#8220;Curso de Elaboraci\u00f3n de Propuestas Horizonte Europa&#8221;.<\/strong><\/p>\n<p>Esta acci\u00f3n formativa on-line, de 16 horas de duraci\u00f3n se impartir\u00e1 en formato de videoconferencia en 4 sesiones formativas, seg\u00fan el siguiente calendario:<\/p>\n<p style=\"font-weight: 400;\"><strong>Seminario 1 &#8211; 25 mayo de 9:00 a 13:00 horas<\/strong><\/p>\n<ul style=\"font-weight: 400;\">\n<li>Aspectos generales a tener en cuenta<\/li>\n<li>La secci\u00f3n de Excelencia<\/li>\n<\/ul>\n<p style=\"font-weight: 400; text-align: left;\"><strong>Seminario 2 &#8211; 27 mayo de 9:00 a 13:00 horas<\/strong><\/p>\n<ul style=\"font-weight: 400;\">\n<li>La secci\u00f3n de Impacto<\/li>\n<li>La secci\u00f3n de Implementaci\u00f3n<\/li>\n<li>Introducci\u00f3n a los casos pr\u00e1cticos<\/li>\n<\/ul>\n<p style=\"font-weight: 400;\"><strong>Seminario 3 &#8211; 1 junio de 9:00 a 13:00 horas<\/strong><\/p>\n<ul style=\"font-weight: 400;\">\n<li>Caso pr\u00e1ctico 1. An\u00e1lisis de TOPIC 1 fase<\/li>\n<\/ul>\n<p style=\"font-weight: 400;\"><strong>Seminario 4 &#8211; 3 junio de 9:00 a 13:00 horas<\/strong><\/p>\n<ul style=\"font-weight: 400;\">\n<li>Caso pr\u00e1ctico 2. An\u00e1lisis de TOPIC de 2 fases<\/li>\n<\/ul>\n<div><\/div>\n<p><a href=\"https:\/\/www.idisantiago.es\/wp-content\/uploads\/2021\/05\/Formacion-Elab-Prop-HE.pdf\"><strong>PROGRAMA<\/strong><\/a><\/p>\n<p><a href=\"https:\/\/docs.google.com\/forms\/d\/e\/1FAIpQLSeIfdGVJK-R8xMDEG9aTSiSyMzvaw0BUQ82mKbRHe4WGJRPHw\/viewform\"><strong>INSCRIPCIONES<\/strong><\/a><\/p>\n<h4 class=\"uppercase color-primary mb40 mb-xs-24\" style=\"text-align: left;\"><\/h4>\n<p><img loading=\"lazy\" decoding=\"async\" class=\"alignnone wp-image-7153\" src=\"https:\/\/www.idisantiago.es\/wp-content\/uploads\/2021\/04\/MICINN_Gob_Web_AEI_2.jpg\" alt=\"\" width=\"346\" height=\"67\" \/><\/p>\n","protected":false},"excerpt":{"rendered":"","protected":false},"author":6,"featured_media":7087,"comment_status":"closed","ping_status":"closed","sticky":false,"template":"","format":"standard","meta":{"_et_pb_use_builder":"","_et_pb_old_content":"","_et_gb_content_width":"","inline_featured_image":false,"footnotes":""},"categories":[386],"tags":[264,310,311],"class_list":["post-7317","post","type-post","status-publish","format-standard","has-post-thumbnail","hentry","category-eventos","tag-proyectos-europeos-2","tag-union-europea","tag-idis-go-europe"],"publishpress_future_workflow_manual_trigger":{"enabledWorkflows":[]},"_links":{"self":[{"href":"https:\/\/www.idisantiago.es\/en\/wp-json\/wp\/v2\/posts\/7317","targetHints":{"allow":["GET"]}}],"collection":[{"href":"https:\/\/www.idisantiago.es\/en\/wp-json\/wp\/v2\/posts"}],"about":[{"href":"https:\/\/www.idisantiago.es\/en\/wp-json\/wp\/v2\/types\/post"}],"author":[{"embeddable":true,"href":"https:\/\/www.idisantiago.es\/en\/wp-json\/wp\/v2\/users\/6"}],"replies":[{"embeddable":true,"href":"https:\/\/www.idisantiago.es\/en\/wp-json\/wp\/v2\/comments?post=7317"}],"version-history":[{"count":6,"href":"https:\/\/www.idisantiago.es\/en\/wp-json\/wp\/v2\/posts\/7317\/revisions"}],"predecessor-version":[{"id":9916,"href":"https:\/\/www.idisantiago.es\/en\/wp-json\/wp\/v2\/posts\/7317\/revisions\/9916"}],"wp:featuredmedia":[{"embeddable":true,"href":"https:\/\/www.idisantiago.es\/en\/wp-json\/wp\/v2\/media\/7087"}],"wp:attachment":[{"href":"https:\/\/www.idisantiago.es\/en\/wp-json\/wp\/v2\/media?parent=7317"}],"wp:term":[{"taxonomy":"category","embeddable":true,"href":"https:\/\/www.idisantiago.es\/en\/wp-json\/wp\/v2\/categories?post=7317"},{"taxonomy":"post_tag","embeddable":true,"href":"https:\/\/www.idisantiago.es\/en\/wp-json\/wp\/v2\/tags?post=7317"}],"curies":[{"name":"wp","href":"https:\/\/api.w.org\/{rel}","templated":true}]}}