{"id":9946,"date":"2021-09-30T11:00:26","date_gmt":"2021-09-30T09:00:26","guid":{"rendered":"https:\/\/www.idisantiago.es\/?p=9946"},"modified":"2021-12-27T11:29:36","modified_gmt":"2021-12-27T10:29:36","slug":"jornada-sobre-la-experiencia-gallega-en-el-cancer-de-mama-luminal","status":"publish","type":"post","link":"https:\/\/www.idisantiago.es\/en\/jornada-sobre-la-experiencia-gallega-en-el-cancer-de-mama-luminal\/","title":{"rendered":"Jornada sobre la &#8220;experiencia gallega en el c\u00e1ncer de mama luminal&#8221;"},"content":{"rendered":"<p>La Fundaci\u00f3n Instituto de Investigaci\u00f3n Sanitaria de Santiago de Compostela (FIDIS), en colaboraci\u00f3n con Pfizer, organiza la Jornada \u2018Experiencia Gallega en C\u00e1ncer de Mama Luminal\u2019 que se celebrar\u00e1 el 1 y 2 de octubre en el Parador de Baiona.<\/p>\n<p>Este encuentro est\u00e1 coordinado por los doctores Rafael L\u00f3pez, investigador principal del IDIS, del Servicio de Oncolog\u00eda del Complexo Hospitalario Universitario de Santiago de Compostela (CHUS), y Jes\u00fas Garc\u00eda Mata, del Servicio de Oncolog\u00eda del Complexo Hospitalario Universitario de Ourense (CHOU), que ser\u00e1n los encargados de la bienvenida y las conclusiones. La jornada, que se desarrollar\u00e1 en dos d\u00edas, analizar\u00e1 varios casos cl\u00ednicos de c\u00e1ncer de mama metast\u00e1sico.<\/p>\n<p>Puedes ver el programa completo <a href=\"https:\/\/idisantiago.es\/wp-content\/uploads\/2021\/12\/PROGRAMA_EXPERIENCIA-GALLEGA-CANCER-MAMA-LUMINAL_FINAL.pdf\">aqu\u00ed\u00a0<\/a><\/p>\n","protected":false},"excerpt":{"rendered":"<p>La Fundaci\u00f3n Instituto de Investigaci\u00f3n Sanitaria de Santiago de Compostela (FIDIS), en colaboraci\u00f3n con Pfizer, organiza la Jornada \u2018Experiencia Gallega en C\u00e1ncer de Mama Luminal\u2019 que se celebrar\u00e1 el 1 [&hellip;]<\/p>\n","protected":false},"author":11,"featured_media":9947,"comment_status":"closed","ping_status":"closed","sticky":false,"template":"","format":"standard","meta":{"_et_pb_use_builder":"","_et_pb_old_content":"","_et_gb_content_width":"","inline_featured_image":false,"footnotes":""},"categories":[1],"tags":[170,389],"class_list":["post-9946","post","type-post","status-publish","format-standard","has-post-thumbnail","hentry","category-noticias","tag-seminario-idis","tag-cancer-de-mama"],"publishpress_future_workflow_manual_trigger":{"enabledWorkflows":[]},"_links":{"self":[{"href":"https:\/\/www.idisantiago.es\/en\/wp-json\/wp\/v2\/posts\/9946","targetHints":{"allow":["GET"]}}],"collection":[{"href":"https:\/\/www.idisantiago.es\/en\/wp-json\/wp\/v2\/posts"}],"about":[{"href":"https:\/\/www.idisantiago.es\/en\/wp-json\/wp\/v2\/types\/post"}],"author":[{"embeddable":true,"href":"https:\/\/www.idisantiago.es\/en\/wp-json\/wp\/v2\/users\/11"}],"replies":[{"embeddable":true,"href":"https:\/\/www.idisantiago.es\/en\/wp-json\/wp\/v2\/comments?post=9946"}],"version-history":[{"count":3,"href":"https:\/\/www.idisantiago.es\/en\/wp-json\/wp\/v2\/posts\/9946\/revisions"}],"predecessor-version":[{"id":9961,"href":"https:\/\/www.idisantiago.es\/en\/wp-json\/wp\/v2\/posts\/9946\/revisions\/9961"}],"wp:featuredmedia":[{"embeddable":true,"href":"https:\/\/www.idisantiago.es\/en\/wp-json\/wp\/v2\/media\/9947"}],"wp:attachment":[{"href":"https:\/\/www.idisantiago.es\/en\/wp-json\/wp\/v2\/media?parent=9946"}],"wp:term":[{"taxonomy":"category","embeddable":true,"href":"https:\/\/www.idisantiago.es\/en\/wp-json\/wp\/v2\/categories?post=9946"},{"taxonomy":"post_tag","embeddable":true,"href":"https:\/\/www.idisantiago.es\/en\/wp-json\/wp\/v2\/tags?post=9946"}],"curies":[{"name":"wp","href":"https:\/\/api.w.org\/{rel}","templated":true}]}}