{"id":2016,"date":"2020-01-13T15:15:09","date_gmt":"2020-01-13T14:15:09","guid":{"rendered":"https:\/\/www.idisantiago.es\/?p=2016"},"modified":"2020-03-03T13:00:37","modified_gmt":"2020-03-03T12:00:37","slug":"curso-practico-de-optimizacion-en-antibioterapia","status":"publish","type":"post","link":"https:\/\/www.idisantiago.es\/gl\/curso-practico-de-optimizacion-en-antibioterapia\/","title":{"rendered":"Curso pr\u00e1ctico de Optimizaci\u00f3n en Antibioterapia"},"content":{"rendered":"<p class=\"lead\"><span style=\"color: #ff0000;\"><strong>ATENCI\u00d3N! Cambio de ubicaci\u00f3n: <span style=\"color: #000000;\">el curso se desarrollar\u00e1 en el<\/span> AULA 1 de la PLANTA 1 <span style=\"color: #000000;\">del\u00a0Hospital Cl\u00ednico Universitario de Santiago de Compostela.<\/span><\/strong><\/span><\/p>\n<p>La Fundaci\u00f3n Instituto de Investigaci\u00f3n Sanitaria de Santiago de Compostela (FIDIS) , bajo la direcci\u00f3n del Dr. Pedro Rascado Sedes y el Dr.\u00a0Francisco Mart\u00ednez Bahamonde, organiza el \u201cCurso pr\u00e1ctico de Optimizaci\u00f3n en Antibioterapia\u201d que tendr\u00e1 lugar los d\u00edas 21 y 22 de febrero en el <strong>Sal\u00f3n de Actos 1, planta 0<\/strong>, del Hospital Cl\u00ednico Universitario de Santiago de Compostela.<\/p>\n<p><strong>Coste de la inscripci\u00f3n: 90\u20ac.\u00a0<\/strong><\/p>\n<p><span lang=\"es-ES\">En caso de necesitar alojamiento, puede contactar con el <\/span><span style=\"color: #000080;\"><span lang=\"zxx\"><u><a class=\"western\" href=\"https:\/\/www.eurostarshotels.com\/eurostars-gran-hotel-santiago.html?td=b10ga01&amp;id_referer=ADWORDS&amp;gclid=CjwKCAiAx_DwBRAfEiwA3vwZYsu2QBxvSb8ReKJkYGRRkoJTyjcGka7PsTUr9gwVibOa2G-orCod4xoC3J4QAvD_BwE\"><span lang=\"es-ES\">Gran Hotel Santiago<\/span><\/a><\/u><\/span><\/span><span lang=\"es-ES\">, indicando el nombre del curso para beneficiarse de un precio especial. <\/span><\/p>\n<p>Abierto plazo de inscripci\u00f3n a trav\u00e9s de\u00a0<a href=\"https:\/\/forms.gle\/vgGZDL6ZKervWw8a7\">este formulario<\/a>. M\u00e1s informaci\u00f3n en el tel\u00e9fono 981 951 195 \u00f3\u00a0<a href=\"mailto:cursos.fidis@sergas.es\">cursos.fidis@sergas.es<\/a><\/p>\n<p>[vc_btn title=&#8221;Programa completo&#8221; color=&#8221;primary&#8221; align=&#8221;center&#8221; link=&#8221;url:download\/2020\/||target:%20_blank|&#8221; el_class=&#8221;spin-off-button&#8221;]<\/p>\n","protected":false},"excerpt":{"rendered":"<p>ATENCI\u00d3N! Cambio de ubicaci\u00f3n: el curso se desarrollar\u00e1 en el AULA 1 de la PLANTA 1 del\u00a0Hospital Cl\u00ednico Universitario de Santiago de Compostela. La Fundaci\u00f3n Instituto de Investigaci\u00f3n Sanitaria de [&hellip;]<\/p>\n","protected":false},"author":5,"featured_media":2017,"comment_status":"closed","ping_status":"open","sticky":false,"template":"","format":"standard","meta":{"_et_pb_use_builder":"","_et_pb_old_content":"","_et_gb_content_width":"","inline_featured_image":false,"footnotes":""},"categories":[111],"tags":[],"class_list":["post-2016","post","type-post","status-publish","format-standard","has-post-thumbnail","hentry","category-tesis"],"publishpress_future_workflow_manual_trigger":{"enabledWorkflows":[]},"_links":{"self":[{"href":"https:\/\/www.idisantiago.es\/gl\/wp-json\/wp\/v2\/posts\/2016","targetHints":{"allow":["GET"]}}],"collection":[{"href":"https:\/\/www.idisantiago.es\/gl\/wp-json\/wp\/v2\/posts"}],"about":[{"href":"https:\/\/www.idisantiago.es\/gl\/wp-json\/wp\/v2\/types\/post"}],"author":[{"embeddable":true,"href":"https:\/\/www.idisantiago.es\/gl\/wp-json\/wp\/v2\/users\/5"}],"replies":[{"embeddable":true,"href":"https:\/\/www.idisantiago.es\/gl\/wp-json\/wp\/v2\/comments?post=2016"}],"version-history":[{"count":8,"href":"https:\/\/www.idisantiago.es\/gl\/wp-json\/wp\/v2\/posts\/2016\/revisions"}],"predecessor-version":[{"id":2607,"href":"https:\/\/www.idisantiago.es\/gl\/wp-json\/wp\/v2\/posts\/2016\/revisions\/2607"}],"wp:featuredmedia":[{"embeddable":true,"href":"https:\/\/www.idisantiago.es\/gl\/wp-json\/wp\/v2\/media\/2017"}],"wp:attachment":[{"href":"https:\/\/www.idisantiago.es\/gl\/wp-json\/wp\/v2\/media?parent=2016"}],"wp:term":[{"taxonomy":"category","embeddable":true,"href":"https:\/\/www.idisantiago.es\/gl\/wp-json\/wp\/v2\/categories?post=2016"},{"taxonomy":"post_tag","embeddable":true,"href":"https:\/\/www.idisantiago.es\/gl\/wp-json\/wp\/v2\/tags?post=2016"}],"curies":[{"name":"wp","href":"https:\/\/api.w.org\/{rel}","templated":true}]}}