{"id":20669,"date":"2022-03-25T13:29:46","date_gmt":"2022-03-25T12:29:46","guid":{"rendered":"https:\/\/www.idisantiago.es\/o-idis-recibe-a-visita-do-director-do-instituto-de-salud-carlos-iii\/"},"modified":"2022-03-25T13:29:46","modified_gmt":"2022-03-25T12:29:46","slug":"o-idis-recibe-a-visita-do-director-do-instituto-de-salud-carlos-iii","status":"publish","type":"post","link":"https:\/\/www.idisantiago.es\/gl\/o-idis-recibe-a-visita-do-director-do-instituto-de-salud-carlos-iii\/","title":{"rendered":"O IDIS recibe a visita do director do Instituto de Salud Carlos III"},"content":{"rendered":"<p><img loading=\"lazy\" decoding=\"async\" class=\"alignnone size-medium wp-image-9678\" src=\"https:\/\/www.idisantiago.es\/wp-content\/uploads\/2022\/03\/IDIS1-1-300x225.jpeg\" alt=\"\" width=\"300\" height=\"225\" \/><\/p>\n<p>O director do Instituto de Salud Carlos III, Crist\u00f3bal Belda, e as subdirectoras da entidade, Pilar Gayoso e Rosario Perona, visitaron hoxe as instalaci\u00f3ns e laboratorios do Instituto de Investigaci\u00f3n Sanitaria de Santiago de Compostela (IDIS), onde se reuniron con representantes da \u00c1rea Sanitaria de Santiago e a USC, as\u00ed como do propio Instituto; e mantiveron unha xuntanza da Alianza de Institutos as\u00ed como un encontro con investigadores do centro no que co\u00f1eceron de primeira man os \u00faltimos avances alcanzados por diferentes grupos de investigaci\u00f3n.<\/p>\n<p>Os representantes do Instituto de Salud Carlos III foron recibidos polos persoal investigador do IDIS e otras personalidades do \u00e1mbito sanitario e docente, entre os que se encontraban Jorge Aboal, director xeral de Asistencia Sanitaria do Servizo Galego de Sa\u00fade; Elo\u00edna N\u00fa\u00f1ez, xerente da \u00c1rea Sanitaria de Santiago de Compostela e Barbanza; M\u00aa Luz Couce, directora cient\u00edfica do IDIS; Isabel Lista, directora da Fundaci\u00f3n IDIS; Antonio Fern\u00e1ndez-Campa, director da Axencia de Co\u00f1ecemento en Sa\u00fade; Antonio L\u00f3pez, reitor da USC; Vicente P\u00e9rez, vicerreitor de investigaci\u00f3n da USC; e Juli\u00e1n \u00c1lvarez, decano da facultade de Medicina da USC.<\/p>\n<p>Durante a visita \u00f3 IDIS, o director do Instituto de Salud Carlos III, Crist\u00f3bal Belda, destacou a labor investigadora dos profesionais deste centro. \u201cOs damos las gracias por la creaci\u00f3n de infraestructuras que marcar\u00e1n la hoja de ruta del futuro de la investigaci\u00f3n y por vuestra aportaci\u00f3n cient\u00edfica\u201d, sinalou.<\/p>\n<p>Elo\u00edna N\u00fa\u00f1ez, xerente da \u00c1rea Sanitaria de Santiago de Compostela, subli\u00f1ou que \u201cla tarea investigadora forma parte indisoluble, junto a la docencia, de la esencia del \u00e1rea sanitaria de Santiago y constituye un elemento fundamental para nuestra excelencia asistencial. Como gerente de la Sanidad p\u00fablica compostelana y presidenta del patronato de la Fundaci\u00f3n del Instituto de Investigaci\u00f3n Sanitaria de Santiago conozco muy bien la gran labor que desarrollan los m\u00e1s de 1.100 investigadores del IDIS, reflejado en los numerosos \u00e9xitos y art\u00edculos que publican cada a\u00f1o. El fuerte crecimiento que experimenta, no en vano la captaci\u00f3n de fondos para la investigaci\u00f3n del IDIS se multiplico por 5, es un s\u00edntoma inequ\u00edvoco de la pujanza de la investigaci\u00f3n m\u00e9dica compostelana\u201d.<\/p>\n<p>Pola s\u00faa parte, Antonio L\u00f3pez, reitor da USC, apuntou que \u201cla convergencia en el IDIS de tres instituciones y entidades como son la Universidad de Santiago, el Servizo Galego de Sa\u00fade y el Instituto de Salud Carlos III es un ejemplo \u00f3ptimo de sinergia a favor de la mejora de la calidad de vida de las personas. Somos tres organismos con misiones y personalidades capaces de encontrar un punto de encuentro que ayude a poner de relevo con la mayor eficacia nuestras fortalezas individuales y, sobre todo, a ponerlas al servicio de la sociedad\u201d.<\/p>\n<p>A visita tivo lugar trala publicaci\u00f3n da nova Acci\u00f3n Estrat\u00e9gica en Salud do Plan Estatal de Investigaci\u00f3n Cient\u00edfica, T\u00e9cnica y de Innovaci\u00f3n 2021-2023, que este ano disp\u00f3n de m\u00e1is de 144 mill\u00f3ns de euros para financiar a investigaci\u00f3n biom\u00e9dica e sanitaria en Espa\u00f1a. Actualmente, as convocatorias de axudas e as li\u00f1as de apoio do Instituto de Salud Carlos III financian o 25 % dos proxectos de investigaci\u00f3n que desenvolven os grupos do IDIS.<\/p>\n<p><strong>Retos e obxectivos do IDIS<\/strong><\/p>\n<p>A directora cient\u00edfica do IDIS, Mar\u00eda Luz Couce, referiuse ante os directivos do Instituto de Salud Carlos III \u00f3 presente e \u00f3 futuro da instituci\u00f3n co foco posto nos obxectivos e retos que se marcaron desde que est\u00e1 \u00e1 fronte da entidade. \u201cEl IDIS se encuentra en un per\u00edodo de crecimiento en el que se pretende fomentar la investigaci\u00f3n traslacional promoviendo la colaboraci\u00f3n entre investigadores cl\u00ednicos y b\u00e1sicos\u201d, explicou.<\/p>\n<p>De cara \u00f3 futuro, o IDIS aspira a mellorar a calidade dos seus servizos e plataformas con acreditaci\u00f3n das mesmas e a potenciar a transferencia de resultados mediante o desenvolvemento de spin-offs. A curto prazo, o Instituto pretende establecer novas alianzas estrat\u00e9xicas, impulsar a s\u00faa imaxe de marca e mellorar e ampliar as s\u00faas infraestruturas co obxectivo de crear un espazo integrado no contorno e atractivo para realizar ciencia excelente.<\/p>\n<p>&nbsp;<\/p>\n","protected":false},"excerpt":{"rendered":"<p>O director do Instituto de Salud Carlos III, Crist\u00f3bal Belda, e as subdirectoras da entidade, Pilar Gayoso e Rosario Perona, visitaron hoxe as instalaci\u00f3ns e laboratorios do Instituto de Investigaci\u00f3n [&hellip;]<\/p>\n","protected":false},"author":11,"featured_media":17365,"comment_status":"closed","ping_status":"closed","sticky":false,"template":"","format":"standard","meta":{"_et_pb_use_builder":"","_et_pb_old_content":"","_et_gb_content_width":"","inline_featured_image":false,"footnotes":""},"categories":[175,501],"tags":[],"class_list":["post-20669","post","type-post","status-publish","format-standard","has-post-thumbnail","hentry","category-noticias-gl","category-carrusel-de-portada-gl"],"publishpress_future_workflow_manual_trigger":{"enabledWorkflows":[]},"_links":{"self":[{"href":"https:\/\/www.idisantiago.es\/gl\/wp-json\/wp\/v2\/posts\/20669","targetHints":{"allow":["GET"]}}],"collection":[{"href":"https:\/\/www.idisantiago.es\/gl\/wp-json\/wp\/v2\/posts"}],"about":[{"href":"https:\/\/www.idisantiago.es\/gl\/wp-json\/wp\/v2\/types\/post"}],"author":[{"embeddable":true,"href":"https:\/\/www.idisantiago.es\/gl\/wp-json\/wp\/v2\/users\/11"}],"replies":[{"embeddable":true,"href":"https:\/\/www.idisantiago.es\/gl\/wp-json\/wp\/v2\/comments?post=20669"}],"version-history":[{"count":0,"href":"https:\/\/www.idisantiago.es\/gl\/wp-json\/wp\/v2\/posts\/20669\/revisions"}],"wp:featuredmedia":[{"embeddable":true,"href":"https:\/\/www.idisantiago.es\/gl\/wp-json\/wp\/v2\/media\/17365"}],"wp:attachment":[{"href":"https:\/\/www.idisantiago.es\/gl\/wp-json\/wp\/v2\/media?parent=20669"}],"wp:term":[{"taxonomy":"category","embeddable":true,"href":"https:\/\/www.idisantiago.es\/gl\/wp-json\/wp\/v2\/categories?post=20669"},{"taxonomy":"post_tag","embeddable":true,"href":"https:\/\/www.idisantiago.es\/gl\/wp-json\/wp\/v2\/tags?post=20669"}],"curies":[{"name":"wp","href":"https:\/\/api.w.org\/{rel}","templated":true}]}}