{"id":23909,"date":"2022-06-07T14:17:32","date_gmt":"2022-06-07T12:17:32","guid":{"rendered":"https:\/\/www.idisantiago.es\/?p=23909"},"modified":"2022-06-08T09:29:58","modified_gmt":"2022-06-08T07:29:58","slug":"pesar-no-idis-polo-falecemento-da-investigadora-lider-do-grupo-de-bioestatistica-carmen-cadarso","status":"publish","type":"post","link":"https:\/\/www.idisantiago.es\/gl\/pesar-no-idis-polo-falecemento-da-investigadora-lider-do-grupo-de-bioestatistica-carmen-cadarso\/","title":{"rendered":"Pesar no IDIS polo falecemento da investigadora l\u00edder do grupo de Bioestat\u00edstica, Carmen Cadarso"},"content":{"rendered":"<p><strong>Santiago de Compostela, 7 de xu\u00f1o de 2022.<\/strong> O grupo de Bioestat\u00edstica do IDIS perdeu a s\u00faa investigadora principal, a Doutora Carmen Cadarso Su\u00e1rez, que faleceu deixando\u00a0 un profundo pesar en todo o Instituto de Investigaci\u00f3n Sanitaria de Santiago de Compostela.<\/p>\n<p>Carmen Cadarso, era licenciada en Matem\u00e1ticas, e doutora pola Universidade de Santiago coa tese \u2018Nuevos aportes en la estimaci\u00f3n param\u00e9trica y no param\u00e9trica de la regresi\u00f3n con datos censurados\u2019 no ano 1990. Desde ese momento, iniciou unha carreira docente e investigadora na \u00e1rea estat\u00edstica da Facultade de Medicina da USC que a levou a dirixir 13 teses doutorais e formar parte de 23 tribunais. Especialista en Modelos de Regresi\u00f3n Flexibles e Joint Modeling para datos lonxitudinais e de supervivencia, con dilatada experiencia en metodolox\u00edas estat\u00edsticas de aplicaci\u00f3n cl\u00ednica e epidemiol\u00f3xica. Coautora de m\u00e1is de 200 publicaci\u00f3ns en revistas cient\u00edficas. Coordinadora da Rede Nacional de Bioestat\u00edstica_BIOSTATNET, rede de excelencia (Ministerio de Ciencia e Innovaci\u00f3n), directora do Centro Interdisciplinar de Bioestat\u00edstica (USC) e promotora de Biostatech, spin off da USC.<\/p>\n<p>Durante 30 anos foi docente del Departamento de Estat\u00edstica, An\u00e1lise, Matem\u00e1tica e Optimizaci\u00f3n, tanto no grao de Medicina, como en diversos m\u00e1sters e programas de doutorado. Como investigadora no IDIS, estaba a cargo do grupo de Bioestat\u00edstica desde o ano 2010, un grupo interdisciplinar de proxecci\u00f3n internacional e, desde 2016, reco\u00f1ecido como Grupo de Referencia Competitiva pola Xunta de Galicia.<\/p>\n<p>Todo o equipo do Instituto de Investigaci\u00f3n Sanitaria de Santiago de Compostela lamenta a perda non s\u00f3 dunha profesional investigadora de referencia internacional, sen\u00f3n dunha l\u00edder e compa\u00f1eira excelente, e acompa\u00f1a na dor a \u00e1 familia e amigos m\u00e1is achegados.<\/p>\n<p>&nbsp;<\/p>\n","protected":false},"excerpt":{"rendered":"<p>Cadarso Su\u00e1rez era matem\u00e1tica de formaci\u00f3n, Catedr\u00e1tica de Estat\u00edstica da USC con m\u00e1is de 30 anos de traxectoria investigadora e docente, e l\u00edder do grupo Bioestat\u00edstica do IDIS<\/p>\n","protected":false},"author":16,"featured_media":23883,"comment_status":"closed","ping_status":"closed","sticky":false,"template":"","format":"standard","meta":{"_et_pb_use_builder":"","_et_pb_old_content":"","_et_gb_content_width":"","inline_featured_image":false,"footnotes":""},"categories":[175,501,523,531],"tags":[823,824,825],"class_list":["post-23909","post","type-post","status-publish","format-standard","has-post-thumbnail","hentry","category-noticias-gl","category-carrusel-de-portada-gl","category-carrusel-en-ingles-gl","category-carrusel-en-galego-gl","tag-bioestatistica","tag-biomedica-gl","tag-cadarso-gl"],"publishpress_future_workflow_manual_trigger":{"enabledWorkflows":[]},"_links":{"self":[{"href":"https:\/\/www.idisantiago.es\/gl\/wp-json\/wp\/v2\/posts\/23909","targetHints":{"allow":["GET"]}}],"collection":[{"href":"https:\/\/www.idisantiago.es\/gl\/wp-json\/wp\/v2\/posts"}],"about":[{"href":"https:\/\/www.idisantiago.es\/gl\/wp-json\/wp\/v2\/types\/post"}],"author":[{"embeddable":true,"href":"https:\/\/www.idisantiago.es\/gl\/wp-json\/wp\/v2\/users\/16"}],"replies":[{"embeddable":true,"href":"https:\/\/www.idisantiago.es\/gl\/wp-json\/wp\/v2\/comments?post=23909"}],"version-history":[{"count":2,"href":"https:\/\/www.idisantiago.es\/gl\/wp-json\/wp\/v2\/posts\/23909\/revisions"}],"predecessor-version":[{"id":23912,"href":"https:\/\/www.idisantiago.es\/gl\/wp-json\/wp\/v2\/posts\/23909\/revisions\/23912"}],"wp:featuredmedia":[{"embeddable":true,"href":"https:\/\/www.idisantiago.es\/gl\/wp-json\/wp\/v2\/media\/23883"}],"wp:attachment":[{"href":"https:\/\/www.idisantiago.es\/gl\/wp-json\/wp\/v2\/media?parent=23909"}],"wp:term":[{"taxonomy":"category","embeddable":true,"href":"https:\/\/www.idisantiago.es\/gl\/wp-json\/wp\/v2\/categories?post=23909"},{"taxonomy":"post_tag","embeddable":true,"href":"https:\/\/www.idisantiago.es\/gl\/wp-json\/wp\/v2\/tags?post=23909"}],"curies":[{"name":"wp","href":"https:\/\/api.w.org\/{rel}","templated":true}]}}