{"id":27125,"date":"2023-02-20T09:19:08","date_gmt":"2023-02-20T08:19:08","guid":{"rendered":"https:\/\/www.idisantiago.es\/o-grupo-do-idis-liderado-polo-hematologo-mosquera-recibe-un-cheque-de-56-000-euros\/"},"modified":"2023-02-20T09:22:08","modified_gmt":"2023-02-20T08:22:08","slug":"o-grupo-do-idis-liderado-polo-hematologo-mosquera-recibe-un-cheque-de-56-000-euros","status":"publish","type":"post","link":"https:\/\/www.idisantiago.es\/gl\/o-grupo-do-idis-liderado-polo-hematologo-mosquera-recibe-un-cheque-de-56-000-euros\/","title":{"rendered":"O grupo do IDIS liderado polo hemat\u00f3logo Mosquera recibe un cheque de 56.000 euros"},"content":{"rendered":"<p>O grupo GrHeCo Xen do IDIS, liderado polo hemat\u00f3logo Adri\u00e1n Mosquera, acaba de percibir un cheque de 56.000 euros, cont\u00eda recadada pola Asociaci\u00f3n Galega de Afectados por Transplantes Medulares e Enfermidades Oncohematol\u00f3xicas coa campa\u00f1a solidaria La carrera que nunca para.<\/p>\n<p>A cont\u00eda dest\u00ednase para colaborar co proxecto Identificaci\u00f3n de novos drivers moleculares e patr\u00f3ns xen\u00f3micos con valor progn\u00f3stico en pacientes con neoplasias hematol\u00f3xicas do devandito grupo, que traballa na recolecci\u00f3n de informaci\u00f3n cl\u00ednica e de mostras biol\u00f3xicas para estudos relacionados co desenvolvemento de novas metodolox\u00edas progn\u00f3sticas e identificaci\u00f3n de novas dianas terap\u00e9uticas en neoplasias hematol\u00f3xicas.<\/p>\n<p>As t\u00e9cnicas que se utilizan te\u00f1en especial relevancia para xerar ferramentas que sirvan para mellorar a predici\u00f3n de risco (agresividade) dos tumores hematol\u00f3xicos, e en especial dos linfomas. \u201cEst\u00e1 a traballarse no desenvolvemento de ferramentas moleculares e predici\u00f3ns baseadas en intelixencia artificial, para o que se necesita unha gran cantidade de informaci\u00f3n cl\u00ednica e molecular\u201d, destaca Adri\u00e1n Mosquera.<\/p>\n<p>\u201cNo noso medio, documentamos m\u00e1is de 4.000 casos de diagn\u00f3stico de linfoma nas \u00faltimas d\u00e9cadas. Os resultados das nosas investigaci\u00f3ns permitirannos po\u00f1er a disposici\u00f3n do paciente ferramentas que axuden a mellorar a s\u00faa estratexia terap\u00e9utica\u201d.<\/p>\n","protected":false},"excerpt":{"rendered":"<p>A asociaci\u00f3n Asotrame doa a cont\u00eda recadada na campa\u00f1a solidaria La carrera que nunca para<\/p>\n","protected":false},"author":14,"featured_media":27123,"comment_status":"closed","ping_status":"closed","sticky":false,"template":"","format":"standard","meta":{"_et_pb_use_builder":"","_et_pb_old_content":"","_et_gb_content_width":"","inline_featured_image":false,"footnotes":""},"categories":[175,501,531],"tags":[],"class_list":["post-27125","post","type-post","status-publish","format-standard","has-post-thumbnail","hentry","category-noticias-gl","category-carrusel-de-portada-gl","category-carrusel-en-galego-gl"],"publishpress_future_workflow_manual_trigger":{"enabledWorkflows":[]},"_links":{"self":[{"href":"https:\/\/www.idisantiago.es\/gl\/wp-json\/wp\/v2\/posts\/27125","targetHints":{"allow":["GET"]}}],"collection":[{"href":"https:\/\/www.idisantiago.es\/gl\/wp-json\/wp\/v2\/posts"}],"about":[{"href":"https:\/\/www.idisantiago.es\/gl\/wp-json\/wp\/v2\/types\/post"}],"author":[{"embeddable":true,"href":"https:\/\/www.idisantiago.es\/gl\/wp-json\/wp\/v2\/users\/14"}],"replies":[{"embeddable":true,"href":"https:\/\/www.idisantiago.es\/gl\/wp-json\/wp\/v2\/comments?post=27125"}],"version-history":[{"count":2,"href":"https:\/\/www.idisantiago.es\/gl\/wp-json\/wp\/v2\/posts\/27125\/revisions"}],"predecessor-version":[{"id":27127,"href":"https:\/\/www.idisantiago.es\/gl\/wp-json\/wp\/v2\/posts\/27125\/revisions\/27127"}],"wp:featuredmedia":[{"embeddable":true,"href":"https:\/\/www.idisantiago.es\/gl\/wp-json\/wp\/v2\/media\/27123"}],"wp:attachment":[{"href":"https:\/\/www.idisantiago.es\/gl\/wp-json\/wp\/v2\/media?parent=27125"}],"wp:term":[{"taxonomy":"category","embeddable":true,"href":"https:\/\/www.idisantiago.es\/gl\/wp-json\/wp\/v2\/categories?post=27125"},{"taxonomy":"post_tag","embeddable":true,"href":"https:\/\/www.idisantiago.es\/gl\/wp-json\/wp\/v2\/tags?post=27125"}],"curies":[{"name":"wp","href":"https:\/\/api.w.org\/{rel}","templated":true}]}}