{"id":37332,"date":"2024-11-21T12:23:20","date_gmt":"2024-11-21T11:23:20","guid":{"rendered":"https:\/\/www.idisantiago.es\/?p=37332"},"modified":"2024-11-21T12:23:20","modified_gmt":"2024-11-21T11:23:20","slug":"obtenen-modelos-preditivos-altamente-precisos-para-diagnosticar-a-periodontitis","status":"publish","type":"post","link":"https:\/\/www.idisantiago.es\/gl\/obtenen-modelos-preditivos-altamente-precisos-para-diagnosticar-a-periodontitis\/","title":{"rendered":"Obte\u00f1en modelos preditivos altamente precisos para diagnosticar a periodontitis"},"content":{"rendered":"<p><strong>Santiago de Compostela, 18 de novembro de 2024.-<\/strong> Un equipo de investigadoras da Universidade de Santiago e do IDIS conseguiu obter modelos preditivos moi precisos para diagnosticar a periodontitis. Fix\u00e9rono a partir da aplicaci\u00f3n de algoritmos de intelixencia artificial na an\u00e1lise dos grandes volumes de datos obtidos dunha secuenciaci\u00f3n concreta dos microbiomas da placa dental supragingival, subgingival e a saliva.<\/p>\n<p>A investigaci\u00f3n, que representa un importante avance cara a odontolox\u00eda personalizada e de precisi\u00f3n, foi promovida pola coordinadora do grupo de investigaci\u00f3n en Ciencias Odontol\u00f3xicas (OSRG) da USC e do IDIS, e da Unidade Cl\u00ednica e de Investigaci\u00f3n en Odontolox\u00eda para Pacientes con Necesidades Especiais, a catedr\u00e1tica da USC Inmaculada Tom\u00e1s. As autoras do estudo son as investigadoras predoctorales Berta Su\u00e1rez Rodr\u00edguez, Alba S\u00e1nchez Barco e Iryna Kuz, ademais das doutoras Alba Regueira Iglesias e Triana Blanco Pintos.<br \/>\nO estudo enm\u00e1rcase nunha das li\u00f1as de investigaci\u00f3n m\u00e1is consolidadas con financiamento p\u00fablico do Instituto Carlos III e a Xunta de Galicia e con maior traxectoria do grupo liderado pola profesora Tom\u00e1s, quen desde hai m\u00e1is dunha d\u00e9cada enfocouse nos obxectivos relacionados coa identificaci\u00f3n de biomarcadores bacterianos e moleculares para o diagn\u00f3stico de enfermidades orais mediante tecnolox\u00edas \u00f3micas.<\/p>\n<p>Para a investigadora Inmaculada Tom\u00e1s, os resultados desta investigaci\u00f3n \u201cconfirman a capacidade do microbioma oral para servir como biomarcador no diagn\u00f3stico da periodontitis, unha enfermidade con alta prevalencia e repercusi\u00f3ns importantes para a sa\u00fade p\u00fablica\u201d. \u201cGrazas \u00e1s ferramentas de intelixencia artificial como os algoritmos de aprendizaxe autom\u00e1tica supervisada estamos cada vez m\u00e1is preto de obter m\u00e9todos diagn\u00f3sticos non invasivos e altamente eficaces que melloren a calidade de vida dos pacientes\u201d, engade.<br \/>\nNeste sentido, as investigadoras do OSRG, Alba Regueira e Berta Su\u00e1rez, apuntan que est\u00e1n a ampliar o seu foco de maneira que agora \u201cestamos a avaliar tam\u00e9n o potencial do microbioma oral como ferramenta preditiva para diagnosticar outras enfermidades orais moi relevantes no noso campo como a carie e a periimplantitis. \u201cE os resultados que obtivemos ata o momento son moi prometedores\u201d, explica Regueira.<\/p>\n<p><strong>Investigaci\u00f3n premiada<\/strong><br \/>\nA investigaci\u00f3n, titulada Microbioma oral e aprendizaxe autom\u00e1tica: un enfoque innovador para o diagn\u00f3stico de precisi\u00f3n da periodontite, foi presentada por Berta Su\u00e1rez no Congreso da Sociedade Espa\u00f1ola de Epidemiolox\u00eda e Sa\u00fade P\u00fablica Oral (SESPO) 2024, onde alcanzou o premio \u00e1 Mellor Comunicaci\u00f3n Oral. Este reco\u00f1ecemento \u00fanese aos recentes galard\u00f3ns obtidos polo grupo como o Premio ICARUS 2023, os Premios Gaceta Dental 2023 e 2024 ou o InnovaIDIS 2024, o que reafirma o compromiso do OSRG na innovaci\u00f3n e excelencia na investigaci\u00f3n cient\u00edfica odontol\u00f3xica, consolidando o seu liderado no campo da metahen\u00f3mica cl\u00ednica aplicada \u00e1 sa\u00fade bucodental.<\/p>\n<p><span style=\"color: #999999;\"><strong>M\u00e1s informaci\u00f3n sobre o IDIS<\/strong> <\/span><br \/>\n<span style=\"color: #999999;\">O Instituto de Investigaci\u00f3n Sanitaria de Santiago de Compostela (IDIS) nace en 2008 froito da colaboraci\u00f3n entre a \u00e1rea Sanitaria de Santiago de Compostela e Barbanza (SERGAS) e a Universidade de Santiago de Compostela. Como eixo da investigaci\u00f3n sanitaria galega, est\u00e1 acreditado polo Instituto de Sa\u00fade Carlos III xa desde o 2010. O seu obxectivo \u00e9 identificar e desenvolver novas soluci\u00f3ns que dean resposta aos problemas de sa\u00fade da sociedade. Cun equipo de 1338 investigadores, 105 grupos de investigaci\u00f3n, 50 M\u20ac de fondos captados no \u00faltimo ano, o IDIS contrib\u00fae co seu labor para incrementar o co\u00f1ecemento da sa\u00fade e \u00e1 consolidaci\u00f3n da innovaci\u00f3n no sector sanitario.<\/span><\/p>\n","protected":false},"excerpt":{"rendered":"<p>A investigaci\u00f3n, galardoada recentemente no Congreso SESPO, emprega algoritmos de intelixencia artificial e sup\u00f3n un gran avance na odontolox\u00eda personalizada e de precisi\u00f3n<\/p>\n","protected":false},"author":6,"featured_media":37330,"comment_status":"closed","ping_status":"closed","sticky":false,"template":"","format":"standard","meta":{"_et_pb_use_builder":"","_et_pb_old_content":"","_et_gb_content_width":"","inline_featured_image":false,"footnotes":""},"categories":[175,531],"tags":[],"class_list":["post-37332","post","type-post","status-publish","format-standard","has-post-thumbnail","hentry","category-noticias-gl","category-carrusel-en-galego-gl"],"publishpress_future_workflow_manual_trigger":{"enabledWorkflows":[]},"_links":{"self":[{"href":"https:\/\/www.idisantiago.es\/gl\/wp-json\/wp\/v2\/posts\/37332","targetHints":{"allow":["GET"]}}],"collection":[{"href":"https:\/\/www.idisantiago.es\/gl\/wp-json\/wp\/v2\/posts"}],"about":[{"href":"https:\/\/www.idisantiago.es\/gl\/wp-json\/wp\/v2\/types\/post"}],"author":[{"embeddable":true,"href":"https:\/\/www.idisantiago.es\/gl\/wp-json\/wp\/v2\/users\/6"}],"replies":[{"embeddable":true,"href":"https:\/\/www.idisantiago.es\/gl\/wp-json\/wp\/v2\/comments?post=37332"}],"version-history":[{"count":1,"href":"https:\/\/www.idisantiago.es\/gl\/wp-json\/wp\/v2\/posts\/37332\/revisions"}],"predecessor-version":[{"id":37337,"href":"https:\/\/www.idisantiago.es\/gl\/wp-json\/wp\/v2\/posts\/37332\/revisions\/37337"}],"wp:featuredmedia":[{"embeddable":true,"href":"https:\/\/www.idisantiago.es\/gl\/wp-json\/wp\/v2\/media\/37330"}],"wp:attachment":[{"href":"https:\/\/www.idisantiago.es\/gl\/wp-json\/wp\/v2\/media?parent=37332"}],"wp:term":[{"taxonomy":"category","embeddable":true,"href":"https:\/\/www.idisantiago.es\/gl\/wp-json\/wp\/v2\/categories?post=37332"},{"taxonomy":"post_tag","embeddable":true,"href":"https:\/\/www.idisantiago.es\/gl\/wp-json\/wp\/v2\/tags?post=37332"}],"curies":[{"name":"wp","href":"https:\/\/api.w.org\/{rel}","templated":true}]}}