{"id":49528,"date":"2026-09-03T14:39:16","date_gmt":"2026-09-03T12:39:16","guid":{"rendered":"https:\/\/www.idisantiago.es\/?p=49528"},"modified":"2026-09-03T14:54:11","modified_gmt":"2026-09-03T12:54:11","slug":"un-artigo-do-investigador-do-idis-david-macia-suarez-en-radiology-centra-a-atencion-internacional","status":"publish","type":"post","link":"https:\/\/www.idisantiago.es\/gl\/un-artigo-do-investigador-do-idis-david-macia-suarez-en-radiology-centra-a-atencion-internacional\/","title":{"rendered":"Un artigo do investigador do IDIS David Mac\u00eda Su\u00e1rez en Radiology centra a atenci\u00f3n internacional"},"content":{"rendered":"<blockquote><p><strong>O estudo proba que a incorporaci\u00f3n da elastograf\u00eda por ondas de corte (SWE) e a imaxe microvascular de alta resoluci\u00f3n (SMI) melloran a precisi\u00f3n diagn\u00f3stica nos tumores de tecidos brandos<\/strong><\/p><\/blockquote>\n<p>Santiago de Compostela, 2 de setembro de 2026.- O artigo Shear-Wave Elastography, Superb Microvascular Imaging, and B-mode US for Diagnostic Accuracy in Soft Tissue Tumors publicado na revista Radiology recibiu unha ampla difusi\u00f3n internacional nas primeiras horas tras a s\u00faa publicaci\u00f3n. O texto conta, ademais cun Editorial Comment dos doutores Kenneth S. Le (Wisconsin) e Zachary E. Stewart (Harvard), algo rechamante \u201cque s\u00f3 adoitan facer naqueles traballos que se consideran relevantes\u201d, explica o autor principal do artigo, o doutor David Mac\u00eda Su\u00e1rez, investigador do grupo Radiolox\u00eda do IDIS.<\/p>\n<p>Ademais, un dos portais de maior difusi\u00f3n radiol\u00f3xica mundial, o estadounidense AuntMinnie.com, publicou unha rese\u00f1a exclusiva sobre o traballo liderado polo Dr. Mac\u00eda Su\u00e1rez sobre diferenciaci\u00f3n entre tumores de tecidos brandos benignos e non benignos, un reto a\u00ednda pendente. Este estudo avaliou se a elastograf\u00eda e a imaxe microvascular complementan a ecograf\u00eda convencional \u2014que por si soa pode ser insuficiente para determinar con seguridade a natureza dalgunhas lesi\u00f3ns\u2014 e melloran a precisi\u00f3n diagn\u00f3stica.<\/p>\n<p>O obxectivo \u00e9 \u201cavaliar a capacidade das t\u00e9cnicas de ecograf\u00eda \u2014ecograf\u00eda en modo B, elastograf\u00eda por ondas de corte (SWE) e imaxe microvascular de alta resoluci\u00f3n (SMI)\u2014 para diferenciar os tumores de tecidos brandos benignos do non benignos\u201d, explica o Dr. Mac\u00eda Su\u00e1rez.<\/p>\n<p>O estudo inclu\u00edu pacientes consecutivos con TTS remitidos para biopsia entre febreiro de 2022 e xullo de 2023. Inclu\u00edronse un total de 167 lesi\u00f3ns de 167 pacientes, e a conclusi\u00f3n \u00e9 que as t\u00e9cnicas SWE e SMI melloraron a precisi\u00f3n diagn\u00f3stica na avaliaci\u00f3n dos tumores de tecidos brandos, o que poder\u00eda xerar un cambio no manexo diagn\u00f3stico deste tipo de pacientes. En resumo, \u201ca ecograf\u00eda non s\u00f3 pode mostrar como \u00e9 un tumor, sen\u00f3n tam\u00e9n achegar informaci\u00f3n cuantitativa sobre a s\u00faa rixidez e a s\u00faa microvascularizaci\u00f3n\u201d, en palabras do autor principal.<\/p>\n<p>Estes resultados abren a porta a un uso m\u00e1is preciso da ecograf\u00eda no estudo dos tumores de tecidos brandos. A incorporaci\u00f3n de informaci\u00f3n sobre a rixidez do tumor e a s\u00faa microvascularizaci\u00f3n, ademais das caracter\u00edsticas que xa achega a ecograf\u00eda convencional, poder\u00eda axudar no futuro a identificar con maior seguridade que lesi\u00f3ns presentan caracter\u00edsticas sospeitosas e cales poder\u00edan requirir unha avaliaci\u00f3n m\u00e1is invasiva, como unha biopsia.<\/p>\n<p>Como sinalan os autores do Editorial Comment que acompa\u00f1a o traballo en Radiology, estes achados poder\u00edan ter implicaci\u00f3ns na toma de decisi\u00f3ns cl\u00ednicas, a selecci\u00f3n das lesi\u00f3ns que deben biopsiarse e a planificaci\u00f3n do tratamento. A\u00ednda que a\u00ednda son necesarios novos estudos antes de establecer un protocolo diagn\u00f3stico definitivo, os resultados suxiren que estas novas ferramentas poden achegar informaci\u00f3n adicional relevante sen abandonar unha t\u00e9cnica tan accesible como a ecograf\u00eda.<\/p>\n","protected":false},"excerpt":{"rendered":"<p>O estudo proba que a incorporaci\u00f3n da elastograf\u00eda por ondas de corte (SWE) e a imaxe microvascular de alta resoluci\u00f3n (SMI) melloran a precisi\u00f3n diagn\u00f3stica nos tumores de tecidos brandos<\/p>\n","protected":false},"author":6,"featured_media":49531,"comment_status":"closed","ping_status":"closed","sticky":false,"template":"","format":"standard","meta":{"_et_pb_use_builder":"","_et_pb_old_content":"","_et_gb_content_width":"","inline_featured_image":false,"footnotes":""},"categories":[175,501],"tags":[],"class_list":["post-49528","post","type-post","status-publish","format-standard","has-post-thumbnail","hentry","category-noticias-gl","category-carrusel-de-portada-gl"],"publishpress_future_workflow_manual_trigger":{"enabledWorkflows":[]},"_links":{"self":[{"href":"https:\/\/www.idisantiago.es\/gl\/wp-json\/wp\/v2\/posts\/49528","targetHints":{"allow":["GET"]}}],"collection":[{"href":"https:\/\/www.idisantiago.es\/gl\/wp-json\/wp\/v2\/posts"}],"about":[{"href":"https:\/\/www.idisantiago.es\/gl\/wp-json\/wp\/v2\/types\/post"}],"author":[{"embeddable":true,"href":"https:\/\/www.idisantiago.es\/gl\/wp-json\/wp\/v2\/users\/6"}],"replies":[{"embeddable":true,"href":"https:\/\/www.idisantiago.es\/gl\/wp-json\/wp\/v2\/comments?post=49528"}],"version-history":[{"count":1,"href":"https:\/\/www.idisantiago.es\/gl\/wp-json\/wp\/v2\/posts\/49528\/revisions"}],"predecessor-version":[{"id":49538,"href":"https:\/\/www.idisantiago.es\/gl\/wp-json\/wp\/v2\/posts\/49528\/revisions\/49538"}],"wp:featuredmedia":[{"embeddable":true,"href":"https:\/\/www.idisantiago.es\/gl\/wp-json\/wp\/v2\/media\/49531"}],"wp:attachment":[{"href":"https:\/\/www.idisantiago.es\/gl\/wp-json\/wp\/v2\/media?parent=49528"}],"wp:term":[{"taxonomy":"category","embeddable":true,"href":"https:\/\/www.idisantiago.es\/gl\/wp-json\/wp\/v2\/categories?post=49528"},{"taxonomy":"post_tag","embeddable":true,"href":"https:\/\/www.idisantiago.es\/gl\/wp-json\/wp\/v2\/tags?post=49528"}],"curies":[{"name":"wp","href":"https:\/\/api.w.org\/{rel}","templated":true}]}}