{"id":49536,"date":"2026-09-04T07:55:47","date_gmt":"2026-09-04T05:55:47","guid":{"rendered":"https:\/\/www.idisantiago.es\/?p=49536"},"modified":"2026-09-03T14:58:00","modified_gmt":"2026-09-03T12:58:00","slug":"aberta-a-inscricion-para-a-iii-carreira-de-orientacion-solidaria-polo-ictus-que-tera-lugar-en-santiago-o-27-de-setembro","status":"publish","type":"post","link":"https:\/\/www.idisantiago.es\/gl\/aberta-a-inscricion-para-a-iii-carreira-de-orientacion-solidaria-polo-ictus-que-tera-lugar-en-santiago-o-27-de-setembro\/","title":{"rendered":"Aberta a inscrici\u00f3n para a III Carreira de Orientaci\u00f3n Solidaria polo Ictus que ter\u00e1 lugar en Santiago o 27 de setembro"},"content":{"rendered":"<blockquote><p><strong>A iniciativa, en beneficio de Dano Cerebral Galicia, est\u00e1 organizada polo grupo Ictus Traslacional do IDIS e o Club Aromon de Pontevedra<\/strong><\/p><\/blockquote>\n<p><strong>Santiago de Compostela, 3 de setembro de 2026.<\/strong>&#8211; O pr\u00f3ximo 27 de setembro, a Cidade da Cultura de Galicia acoller\u00e1 a III Carreira de Orientaci\u00f3n Solidaria polo Ictus, unha iniciativa aberta a todas as idades e niveis organizada polo grupo Ictus Traslacional (Treat Group) do Instituto de Investigaci\u00f3n Sanitaria de Santiago (IDIS) e o Club Aromon de Pontevedra.<\/p>\n<p>A cita, que dar\u00e1 comezo \u00e1s 10:30 h, conta con 300 prazas gratu\u00edtas. As persoas que formalicen a s\u00faa inscrici\u00f3n antes do 15 de setembro recibir\u00e1n unha camiseta conmemorativa. Tr\u00e1tase dunha proba de car\u00e1cter familiar e non competitivo que busca combinar deporte, solidariedade e concienciaci\u00f3n. Ademais da actividade deportiva, haber\u00e1 premios para os tres primeiros clasificados de cada categor\u00eda e un gran sorteo final con obsequios das entidades colaboradoras. Ao rematar, os participantes poder\u00e1n gozar de froita fresca, auga e bebidas saudables proporcionadas polos patrocinadores.<\/p>\n<p>Todos os fondos recadados mediante doaz\u00f3ns voluntarias destinaranse integramente a Dano Cerebral Galicia, unha entidade que ofrece apoio, recursos e proxectos de integraci\u00f3n a persoas afectadas por dano cerebral adquirido e \u00e1s s\u00faas familias.<\/p>\n<p>\u201cO ictus \u00e9 unha das principais causas de discapacidade en adultos e unha atenci\u00f3n temper\u00e1 pode marcar a diferenza no progn\u00f3stico\u201d, sinalan desde o grupo que lidera o Dr. Francisco Campos que, con esta carreira, busca \u201csensibilizar a sociedade sobre a importancia de reco\u00f1ecer os s\u00edntomas a tempo, fomentar h\u00e1bitos de vida saudable e apoiar \u00e1 comunidade de pacientes e familiares\u201d.<\/p>\n<p>A inscrici\u00f3n pode realizarse en <a href=\"https:\/\/forms.cloud.microsoft\/e\/sGwX9wgjNt\">https:\/\/forms.cloud.microsoft\/e\/sGwX9wgjNt<\/a>.<\/p>\n","protected":false},"excerpt":{"rendered":"<p>A iniciativa, en beneficio de Dano Cerebral Galicia, est\u00e1 organizada polo grupo Ictus Traslacional do IDIS e o Club Aromon de Pontevedra<\/p>\n","protected":false},"author":6,"featured_media":49541,"comment_status":"closed","ping_status":"closed","sticky":false,"template":"","format":"standard","meta":{"_et_pb_use_builder":"","_et_pb_old_content":"","_et_gb_content_width":"","inline_featured_image":false,"footnotes":""},"categories":[1],"tags":[],"class_list":["post-49536","post","type-post","status-publish","format-standard","has-post-thumbnail","hentry","category-noticias"],"publishpress_future_workflow_manual_trigger":{"enabledWorkflows":[]},"_links":{"self":[{"href":"https:\/\/www.idisantiago.es\/gl\/wp-json\/wp\/v2\/posts\/49536","targetHints":{"allow":["GET"]}}],"collection":[{"href":"https:\/\/www.idisantiago.es\/gl\/wp-json\/wp\/v2\/posts"}],"about":[{"href":"https:\/\/www.idisantiago.es\/gl\/wp-json\/wp\/v2\/types\/post"}],"author":[{"embeddable":true,"href":"https:\/\/www.idisantiago.es\/gl\/wp-json\/wp\/v2\/users\/6"}],"replies":[{"embeddable":true,"href":"https:\/\/www.idisantiago.es\/gl\/wp-json\/wp\/v2\/comments?post=49536"}],"version-history":[{"count":1,"href":"https:\/\/www.idisantiago.es\/gl\/wp-json\/wp\/v2\/posts\/49536\/revisions"}],"predecessor-version":[{"id":49543,"href":"https:\/\/www.idisantiago.es\/gl\/wp-json\/wp\/v2\/posts\/49536\/revisions\/49543"}],"wp:featuredmedia":[{"embeddable":true,"href":"https:\/\/www.idisantiago.es\/gl\/wp-json\/wp\/v2\/media\/49541"}],"wp:attachment":[{"href":"https:\/\/www.idisantiago.es\/gl\/wp-json\/wp\/v2\/media?parent=49536"}],"wp:term":[{"taxonomy":"category","embeddable":true,"href":"https:\/\/www.idisantiago.es\/gl\/wp-json\/wp\/v2\/categories?post=49536"},{"taxonomy":"post_tag","embeddable":true,"href":"https:\/\/www.idisantiago.es\/gl\/wp-json\/wp\/v2\/tags?post=49536"}],"curies":[{"name":"wp","href":"https:\/\/api.w.org\/{rel}","templated":true}]}}