{"id":5028,"date":"2020-07-09T14:06:57","date_gmt":"2020-07-09T12:06:57","guid":{"rendered":"https:\/\/www.idisantiago.es\/?p=5028"},"modified":"2020-09-23T14:18:12","modified_gmt":"2020-09-23T12:18:12","slug":"idis-reacreditacion-instituto-investigacion-sanitaria-isciii","status":"publish","type":"post","link":"https:\/\/www.idisantiago.es\/gl\/idis-reacreditacion-instituto-investigacion-sanitaria-isciii\/","title":{"rendered":"O IDIS consegue a reacreditaci\u00f3n como instituto de investigaci\u00f3n sanitaria e sit\u00faase na vangarda da ciencia biom\u00e9dica nacional"},"content":{"rendered":"\n<blockquote class=\"wp-block-quote is-layout-flow wp-block-quote-is-layout-flow\"><p> O Instituto de Sa\u00fade Carlos III volve reco\u00f1ecer o seu potencial e a excelencia como centro de referencia no panorama nacional e acred\u00edtao para desenvolver o seu labor durante o pr\u00f3ximos cinco anos<\/p><\/blockquote>\n\n\n\n<p>As fortalezas do Instituto de Investigaci\u00f3n Sanitaria de Santiago de Compostela (IDIS) acaban de ser reco\u00f1ecidas unha vez m\u00e1is polo<a href=\"https:\/\/www.isciii.es\"> Instituto de Sa\u00fade Carlos III<\/a>. Nun acto presidido polo Conselleiro de Sanidade, Jes\u00fas Almui\u00f1a, e o Reitor da <a href=\"http:\/\/www.usc.gal\">USC<\/a>, Antonio L\u00f3pez, o centro dirixido polo Dr. Jos\u00e9 Castillo, consegu\u00eda a reacreditaci\u00f3n como instituto de investigaci\u00f3n sanitaria, fito que o capacita para desenvolver o seu labor durante cinco anos m\u00e1is. Tr\u00e1tase este do segundo proceso de reacreditaci\u00f3n que supera o IDIS, situ\u00e1ndose en primeira li\u00f1a da ciencia biom\u00e9dica en Galicia e Espa\u00f1a.<\/p>\n\n\n\n<h4 class=\"wp-block-heading\">Balance positivo do exercicio 2019<\/h4>\n\n\n\n<blockquote class=\"wp-block-quote is-layout-flow wp-block-quote-is-layout-flow\"><p>Os indicadores de actividade do ano 2019 mostran incrementos en todas as s\u00faas \u00e1reas, destacando a subida do 10% de fondos captados (32 M\u20ac), a produci\u00f3n cient\u00edfica con m\u00e1is de 800 publicaci\u00f3ns; 65 novos contratos de persoal e o cap\u00edtulo da transferencia con 44 patentes e 5 spin- offs<\/p><\/blockquote>\n\n\n\n<p>Tam\u00e9n onte d\u00e1banse a co\u00f1ecer os datos m\u00e1is significativos do exercicio 2019 aprobando a s\u00faa Memoria Anual de Actividade. Os indicadores, con incrementos en todas as s\u00faas \u00e1reas, desvelan un aumento dos fondos captados do 10% respecto ao ano anterior, cun total de 32.208.340 euros. Destacan os 92 proxectos activos (57 nacionais, 15 internacionais e 20 rexionais) e un incremento superior ao 50% (56,3%) de fondos destinados ao desenvolvemento destes programas.<\/p>\n\n\n\n<p>No cap\u00edtulo de Recursos Humanos, o pasado exercicio permit\u00eda a contrataci\u00f3n de 65 persoas. S\u00famanse as\u00ed aos 1.280 profesionais que conforman o Instituto (209 m\u00e1is que o ano anterior), integrados en 94 grupos organizados en 6 \u00e1reas de investigaci\u00f3n: oncolox\u00eda, xen\u00e9tica e biolox\u00eda de sistemas, endocrinolox\u00eda, neurociencias, plataformas e metodolox\u00eda e inflamaci\u00f3n. A produci\u00f3n cient\u00edfica viuse notablemente incrementada, con 839 artigos publicados en preto de 500 revistas de prestixio internacional e a defensa de 64 tese ao amparo do IDIS.<\/p>\n\n\n\n<p>A transferencia \u00e1 sociedade a trav\u00e9s da industria tivo tam\u00e9n un resultado positivo con 44 patentes solicitadas e 7 xa concedidas; e 5 empresas spin- off creadas no seo do Instituto.<\/p>\n\n\n\n<h4 class=\"wp-block-heading\">Retos 2025<\/h4>\n\n\n\n<p>O IDIS m\u00e1rcase un novo horizonte competitivo para o 2025, pensando xa na seguinte reacreditaci\u00f3n. Durante este tempo, segundo o seu director Jos\u00e9 Castillo, \u201cpo\u00f1\u00e9mono unha serie de obxectivos estrat\u00e9xicos que pasan, fundamentalmente, por manter o incremento de todos dos nosos indicadores de actividade, estabilizar o talento dos nosos investigadores e do persoal t\u00e9cnico e estar m\u00e1is preto da sociedade\u201d.<\/p>\n\n\n\n<p>A folla de roteiro ten varias li\u00f1as mestras: \u201cos nosos grupos de influencia e o conxunto da sociedade deben percibir a importancia do traballo de investigaci\u00f3n e o noso papel de ligaz\u00f3n coa industria e coa medicina asistencial, ese \u00e9 o cami\u00f1o da excelencia\u201d, reco\u00f1ece Castillo. Facer m\u00e1is efectiva a integraci\u00f3n da \u00e1rea sanitaria de Lugo, con m\u00e1is infraestruturas e colaboraci\u00f3ns con centros de referencia e incrementar espazos para favorecer o desenvolvemento de proxectos, son outros dos retos que tam\u00e9n se marca o IDIS.<\/p>\n\n\n\n<h4 class=\"wp-block-heading\">Cooperaci\u00f3n institucional<\/h4>\n\n\n\n<blockquote class=\"wp-block-quote is-layout-flow wp-block-quote-is-layout-flow\"><p>React\u00edvase ademais o acordo entre a Conseller\u00eda de Sanidade-Sergas e a USC para regular o funcionamento do IDIS en r\u00e9xime de colaboraci\u00f3n, reforzando os v\u00ednculos entre ambos os organismos<\/p><\/blockquote>\n\n\n\n<p>Na reuni\u00f3n de onte tam\u00e9n se abriu paso ao acordo que regular\u00e1 a dependencia funcional do IDIS, a partes iguais, da Conseller\u00eda de Sanidade-Sergas e a USC. Este v\u00ednculo pon de manifesto as sinerxias entre ambas as entidades e a aposta conxunta pola investigaci\u00f3n sanitaria e o liderado de institutos como o IDIS que contrib\u00faen a crear marca Galicia e a proxectala a gran escala.<\/p>\n","protected":false},"excerpt":{"rendered":"<p>O IDIS consegue a reacreditaci\u00f3n como instituto de investigaci\u00f3n sanitaria e sit\u00faase na vangarda da ciencia biom\u00e9dica nacional<\/p>\n","protected":false},"author":6,"featured_media":5018,"comment_status":"closed","ping_status":"closed","sticky":false,"template":"","format":"standard","meta":{"_et_pb_use_builder":"","_et_pb_old_content":"","_et_gb_content_width":"","inline_featured_image":false,"footnotes":""},"categories":[175],"tags":[225,226],"class_list":["post-5028","post","type-post","status-publish","format-standard","has-post-thumbnail","hentry","category-noticias-gl","tag-idis","tag-isciii-gl"],"publishpress_future_workflow_manual_trigger":{"enabledWorkflows":[]},"_links":{"self":[{"href":"https:\/\/www.idisantiago.es\/gl\/wp-json\/wp\/v2\/posts\/5028","targetHints":{"allow":["GET"]}}],"collection":[{"href":"https:\/\/www.idisantiago.es\/gl\/wp-json\/wp\/v2\/posts"}],"about":[{"href":"https:\/\/www.idisantiago.es\/gl\/wp-json\/wp\/v2\/types\/post"}],"author":[{"embeddable":true,"href":"https:\/\/www.idisantiago.es\/gl\/wp-json\/wp\/v2\/users\/6"}],"replies":[{"embeddable":true,"href":"https:\/\/www.idisantiago.es\/gl\/wp-json\/wp\/v2\/comments?post=5028"}],"version-history":[{"count":1,"href":"https:\/\/www.idisantiago.es\/gl\/wp-json\/wp\/v2\/posts\/5028\/revisions"}],"predecessor-version":[{"id":5029,"href":"https:\/\/www.idisantiago.es\/gl\/wp-json\/wp\/v2\/posts\/5028\/revisions\/5029"}],"wp:featuredmedia":[{"embeddable":true,"href":"https:\/\/www.idisantiago.es\/gl\/wp-json\/wp\/v2\/media\/5018"}],"wp:attachment":[{"href":"https:\/\/www.idisantiago.es\/gl\/wp-json\/wp\/v2\/media?parent=5028"}],"wp:term":[{"taxonomy":"category","embeddable":true,"href":"https:\/\/www.idisantiago.es\/gl\/wp-json\/wp\/v2\/categories?post=5028"},{"taxonomy":"post_tag","embeddable":true,"href":"https:\/\/www.idisantiago.es\/gl\/wp-json\/wp\/v2\/tags?post=5028"}],"curies":[{"name":"wp","href":"https:\/\/api.w.org\/{rel}","templated":true}]}}